{"id":5015,"date":"2016-12-10T21:09:02","date_gmt":"2016-12-10T21:09:02","guid":{"rendered":"http:\/\/paroquiagloria.org\/v2\/?p=5015"},"modified":"2016-12-10T21:12:52","modified_gmt":"2016-12-10T21:12:52","slug":"cantar-dos-reis-quem-quer","status":"publish","type":"post","link":"http:\/\/paroquiagloria.org\/v2\/?p=5015","title":{"rendered":"Cantar dos Reis. Quem quer?"},"content":{"rendered":"<p><a href=\"http:\/\/paroquiagloria.org\/v2\/wp-content\/uploads\/2016\/12\/adoracao-dos-magos.jpg\"><img loading=\"lazy\" class=\"size-large wp-image-5016 aligncenter\" src=\"http:\/\/paroquiagloria.org\/v2\/wp-content\/uploads\/2016\/12\/adoracao-dos-magos-1024x745.jpg\" alt=\"adoracao-dos-magos\" width=\"1024\" height=\"745\" srcset=\"http:\/\/paroquiagloria.org\/v2\/wp-content\/uploads\/2016\/12\/adoracao-dos-magos-1024x745.jpg 1024w, http:\/\/paroquiagloria.org\/v2\/wp-content\/uploads\/2016\/12\/adoracao-dos-magos-300x218.jpg 300w, http:\/\/paroquiagloria.org\/v2\/wp-content\/uploads\/2016\/12\/adoracao-dos-magos.jpg 2000w\" sizes=\"(max-width: 1024px) 100vw, 1024px\" \/><\/a><\/p>\n<p style=\"text-align: justify;\">Entre os dias 3 e 9 de Janeiro iremos como comunidade paroquial cantar os Reis. A iniciativa congregadora figura nas ac\u00e7\u00f5es do plano pastoral e os objectivos s\u00e3o: anunciar e levar a alegria do Natal e ainda fazer a experi\u00eancia de uma Igreja em sa\u00edda. Nesta altura podemos dizer que iremos cantar em algumas casas de algumas ruas mais pr\u00f3ximas \u00e0 S\u00e9, com a catequese dos mais velhos, e tamb\u00e9m em alguns espa\u00e7os p\u00fablicos com os grupos de catequese da inf\u00e2ncia e com os grupos de pessoas adultas que se disponham a esta ac\u00e7\u00e3o.<br \/>\nPedimos desde j\u00e1 aos interessados, individualmente ou em grupos, em participar nesta ac\u00e7\u00e3o, que nos indiquem na secretaria essa disponibilidade.<\/p>\n<p style=\"text-align: justify;\">\n<p style=\"text-align: justify;\">_____________<\/p>\n<h2 style=\"text-align: justify;\">Resultados do Concurso &#8220;O verdadeiro Natal&#8221;<\/h2>\n<p style=\"text-align: justify;\">Recebemos 44 trabalhos no concurso <strong>&#8220;O verdadeiro Natal&#8221;<\/strong> para escolher a imagem natal\u00edcia que ser\u00e1 rosto dos votos de boas festas e feliz ano novo. Uma men\u00e7\u00e3o honrosa a todos os participantes, individualmente, em fam\u00edlia, e em grupo de catequese. O j\u00fari escolheu como desenho vencedor um trabalho colectivo elaborado pelo <strong>8.\u00ba ano da catequese<\/strong> e atribuiu uma especial <strong>men\u00e7\u00e3o honrosa ao trabalho da Marta Torr\u00e3o, do 5.\u00ba ano<\/strong>.<\/p>\n","protected":false},"excerpt":{"rendered":"<p>Entre os dias 3 e 9 de Janeiro iremos como comunidade paroquial cantar os Reis. A iniciativa congregadora figura nas ac\u00e7\u00f5es do plano pastoral e os objectivos s\u00e3o: anunciar e levar a alegria do Natal e ainda fazer a experi\u00eancia de uma Igreja em sa\u00edda. Nesta altura podemos dizer que iremos cantar em algumas casas [&hellip;]<\/p>\n","protected":false},"author":1,"featured_media":5017,"comment_status":"open","ping_status":"closed","sticky":false,"template":"","format":"standard","meta":{"ngg_post_thumbnail":0},"categories":[1,4,2,6,19],"tags":[],"_links":{"self":[{"href":"http:\/\/paroquiagloria.org\/v2\/index.php?rest_route=\/wp\/v2\/posts\/5015"}],"collection":[{"href":"http:\/\/paroquiagloria.org\/v2\/index.php?rest_route=\/wp\/v2\/posts"}],"about":[{"href":"http:\/\/paroquiagloria.org\/v2\/index.php?rest_route=\/wp\/v2\/types\/post"}],"author":[{"embeddable":true,"href":"http:\/\/paroquiagloria.org\/v2\/index.php?rest_route=\/wp\/v2\/users\/1"}],"replies":[{"embeddable":true,"href":"http:\/\/paroquiagloria.org\/v2\/index.php?rest_route=%2Fwp%2Fv2%2Fcomments&post=5015"}],"version-history":[{"count":3,"href":"http:\/\/paroquiagloria.org\/v2\/index.php?rest_route=\/wp\/v2\/posts\/5015\/revisions"}],"predecessor-version":[{"id":5021,"href":"http:\/\/paroquiagloria.org\/v2\/index.php?rest_route=\/wp\/v2\/posts\/5015\/revisions\/5021"}],"wp:featuredmedia":[{"embeddable":true,"href":"http:\/\/paroquiagloria.org\/v2\/index.php?rest_route=\/wp\/v2\/media\/5017"}],"wp:attachment":[{"href":"http:\/\/paroquiagloria.org\/v2\/index.php?rest_route=%2Fwp%2Fv2%2Fmedia&parent=5015"}],"wp:term":[{"taxonomy":"category","embeddable":true,"href":"http:\/\/paroquiagloria.org\/v2\/index.php?rest_route=%2Fwp%2Fv2%2Fcategories&post=5015"},{"taxonomy":"post_tag","embeddable":true,"href":"http:\/\/paroquiagloria.org\/v2\/index.php?rest_route=%2Fwp%2Fv2%2Ftags&post=5015"}],"curies":[{"name":"wp","href":"https:\/\/api.w.org\/{rel}","templated":true}]}}