{"id":5010,"date":"2016-12-10T20:56:22","date_gmt":"2016-12-10T20:56:22","guid":{"rendered":"http:\/\/paroquiagloria.org\/v2\/?p=5010"},"modified":"2016-12-10T20:56:22","modified_gmt":"2016-12-10T20:56:22","slug":"tempo-de-advento-semeadores-da-esperanca-promotores-do-encontro-2","status":"publish","type":"post","link":"http:\/\/paroquiagloria.org\/v2\/?p=5010","title":{"rendered":"Tempo de Advento: Semeadores da esperan\u00e7a, promotores do encontro"},"content":{"rendered":"<p><a href=\"http:\/\/paroquiagloria.org\/v2\/wp-content\/uploads\/2016\/12\/banner_3semanaAdventoA.jpg\"><img loading=\"lazy\" class=\"size-full wp-image-5011 aligncenter\" src=\"http:\/\/paroquiagloria.org\/v2\/wp-content\/uploads\/2016\/12\/banner_3semanaAdventoA.jpg\" alt=\"banner_3semanaadventoa\" width=\"960\" height=\"450\" srcset=\"http:\/\/paroquiagloria.org\/v2\/wp-content\/uploads\/2016\/12\/banner_3semanaAdventoA.jpg 960w, http:\/\/paroquiagloria.org\/v2\/wp-content\/uploads\/2016\/12\/banner_3semanaAdventoA-300x141.jpg 300w\" sizes=\"(max-width: 960px) 100vw, 960px\" \/><\/a><\/p>\n<p style=\"text-align: justify;\">\u00c9 com este lema que, unidos \u00e0 Igreja diocesana, nos dispomos viver este tempo de gra\u00e7a que \u00e9 o Advento como caminho de prepara\u00e7\u00e3o para o Natal, a festa do nascimento de Jesus, rosto da esperan\u00e7a, nossa alegria.<br \/>\nNesta terceira semana, depois da Imaculada Concei\u00e7\u00e3o, sob o signo da Alegria, a frase forte \u00e9 &#8220;Somos portadores da alegria&#8221;.<br \/>\nAo acender a terceira vela da coroa de Advento, que as fam\u00edlias tamb\u00e9m est\u00e3o convidadas a fazer em suas casas, fazemos a seguinte ora\u00e7\u00e3o:<\/p>\n<p style=\"text-align: justify;\">\n<p style=\"padding-left: 60px;\"><em><strong>Somos portadores da alegria<\/strong><\/em><br \/>\n<em>pois nas trevas acendeu-se uma luz,<\/em><br \/>\n<em>e no deserto clamou uma voz.<\/em><br \/>\n<em>Ressoa a boa nova:<\/em><br \/>\n<em>O Senhor est\u00e1 a chegar,<\/em><br \/>\n<em>Preparai os seus caminhos.<\/em><br \/>\n<em>Queremos aquecer-nos nessa luz<\/em><br \/>\n<em>e envolver-nos no amor que da\u00ed vem.<\/em><\/p>\n<p style=\"padding-left: 60px;\"><em>Acendemos a terceira vela <\/em><br \/>\n<em>deste caminho at\u00e9 ao Natal.<\/em><br \/>\n<em>Vinde, Senhor Jesus!<\/em><\/p>\n<p>&nbsp;<\/p>\n","protected":false},"excerpt":{"rendered":"<p>\u00c9 com este lema que, unidos \u00e0 Igreja diocesana, nos dispomos viver este tempo de gra\u00e7a que \u00e9 o Advento como caminho de prepara\u00e7\u00e3o para o Natal, a festa do nascimento de Jesus, rosto da esperan\u00e7a, nossa alegria. Nesta terceira semana, depois da Imaculada Concei\u00e7\u00e3o, sob o signo da Alegria, a frase forte \u00e9 &#8220;Somos [&hellip;]<\/p>\n","protected":false},"author":1,"featured_media":5011,"comment_status":"open","ping_status":"closed","sticky":false,"template":"","format":"standard","meta":{"ngg_post_thumbnail":0},"categories":[1,4,2,6,19],"tags":[],"_links":{"self":[{"href":"http:\/\/paroquiagloria.org\/v2\/index.php?rest_route=\/wp\/v2\/posts\/5010"}],"collection":[{"href":"http:\/\/paroquiagloria.org\/v2\/index.php?rest_route=\/wp\/v2\/posts"}],"about":[{"href":"http:\/\/paroquiagloria.org\/v2\/index.php?rest_route=\/wp\/v2\/types\/post"}],"author":[{"embeddable":true,"href":"http:\/\/paroquiagloria.org\/v2\/index.php?rest_route=\/wp\/v2\/users\/1"}],"replies":[{"embeddable":true,"href":"http:\/\/paroquiagloria.org\/v2\/index.php?rest_route=%2Fwp%2Fv2%2Fcomments&post=5010"}],"version-history":[{"count":1,"href":"http:\/\/paroquiagloria.org\/v2\/index.php?rest_route=\/wp\/v2\/posts\/5010\/revisions"}],"predecessor-version":[{"id":5012,"href":"http:\/\/paroquiagloria.org\/v2\/index.php?rest_route=\/wp\/v2\/posts\/5010\/revisions\/5012"}],"wp:featuredmedia":[{"embeddable":true,"href":"http:\/\/paroquiagloria.org\/v2\/index.php?rest_route=\/wp\/v2\/media\/5011"}],"wp:attachment":[{"href":"http:\/\/paroquiagloria.org\/v2\/index.php?rest_route=%2Fwp%2Fv2%2Fmedia&parent=5010"}],"wp:term":[{"taxonomy":"category","embeddable":true,"href":"http:\/\/paroquiagloria.org\/v2\/index.php?rest_route=%2Fwp%2Fv2%2Fcategories&post=5010"},{"taxonomy":"post_tag","embeddable":true,"href":"http:\/\/paroquiagloria.org\/v2\/index.php?rest_route=%2Fwp%2Fv2%2Ftags&post=5010"}],"curies":[{"name":"wp","href":"https:\/\/api.w.org\/{rel}","templated":true}]}}