{"id":4992,"date":"2016-12-03T20:49:59","date_gmt":"2016-12-03T20:49:59","guid":{"rendered":"http:\/\/paroquiagloria.org\/v2\/?p=4992"},"modified":"2016-12-10T20:30:09","modified_gmt":"2016-12-10T20:30:09","slug":"plano-de-pastoral-2016-2017","status":"publish","type":"post","link":"http:\/\/paroquiagloria.org\/v2\/?p=4992","title":{"rendered":"Plano de Pastoral 2016-2017"},"content":{"rendered":"<p><a href=\"http:\/\/paroquiagloria.org\/v2\/wp-content\/uploads\/2014\/11\/Plano2017.jpg\"><img loading=\"lazy\" class=\"size-large wp-image-4963 aligncenter\" src=\"http:\/\/paroquiagloria.org\/v2\/wp-content\/uploads\/2014\/11\/Plano2017-726x1024.jpg\" alt=\"plano2017\" width=\"726\" height=\"1024\" srcset=\"http:\/\/paroquiagloria.org\/v2\/wp-content\/uploads\/2014\/11\/Plano2017-726x1024.jpg 726w, http:\/\/paroquiagloria.org\/v2\/wp-content\/uploads\/2014\/11\/Plano2017-213x300.jpg 213w, http:\/\/paroquiagloria.org\/v2\/wp-content\/uploads\/2014\/11\/Plano2017.jpg 907w\" sizes=\"(max-width: 726px) 100vw, 726px\" \/><\/a><\/p>\n<p>Encontra-se j\u00e1 dispon\u00edvel o Plano de Pastoral Paroquial para 2016-17 com a respectiva calendariza\u00e7\u00e3o de actividades.<\/p>\n<p>Pode encontr\u00e1-lo sempre dispon\u00edvel aqui na p\u00e1gina da par\u00f3quia no menu pr\u00f3prio do &#8220;plano de pastoral&#8221;.<\/p>\n<p>Entretanto pode descarreg\u00e1-lo <span style=\"color: #ff0000;\"><a style=\"color: #ff0000;\" href=\"http:\/\/paroquiagloria.org\/v2\/wp-content\/uploads\/2013\/01\/PLANO_2016_17_total_A4.pdf\" target=\"_blank\">aqui<\/a><\/span>, bem como pode consultar <a href=\"http:\/\/paroquiagloria.org\/v2\/wp-content\/uploads\/2016\/12\/PLANO_2016_17_v03_A4.pdf\" target=\"_blank\">aqui<\/a> o plano diocesano de pastoral.<\/p>\n<p>Pode tamb\u00e9m aceder <span style=\"color: #ff9900;\"><a style=\"color: #ff9900;\" href=\"http:\/\/paroquiagloria.org\/v2\/wp-content\/uploads\/2016\/12\/calendario_A5_versao-02x.pdf\" target=\"_blank\">aqui<\/a><\/span> \u00e0 calendariza\u00e7\u00e3o com as correc\u00e7\u00f5es mais actuais.<\/p>\n","protected":false},"excerpt":{"rendered":"<p>Encontra-se j\u00e1 dispon\u00edvel o Plano de Pastoral Paroquial para 2016-17 com a respectiva calendariza\u00e7\u00e3o de actividades. Pode encontr\u00e1-lo sempre dispon\u00edvel aqui na p\u00e1gina da par\u00f3quia no menu pr\u00f3prio do &#8220;plano de pastoral&#8221;. Entretanto pode descarreg\u00e1-lo aqui, bem como pode consultar aqui o plano diocesano de pastoral. Pode tamb\u00e9m aceder aqui \u00e0 calendariza\u00e7\u00e3o com as correc\u00e7\u00f5es [&hellip;]<\/p>\n","protected":false},"author":1,"featured_media":4993,"comment_status":"open","ping_status":"closed","sticky":false,"template":"","format":"standard","meta":{"ngg_post_thumbnail":0},"categories":[1,4,2,6,19],"tags":[],"_links":{"self":[{"href":"http:\/\/paroquiagloria.org\/v2\/index.php?rest_route=\/wp\/v2\/posts\/4992"}],"collection":[{"href":"http:\/\/paroquiagloria.org\/v2\/index.php?rest_route=\/wp\/v2\/posts"}],"about":[{"href":"http:\/\/paroquiagloria.org\/v2\/index.php?rest_route=\/wp\/v2\/types\/post"}],"author":[{"embeddable":true,"href":"http:\/\/paroquiagloria.org\/v2\/index.php?rest_route=\/wp\/v2\/users\/1"}],"replies":[{"embeddable":true,"href":"http:\/\/paroquiagloria.org\/v2\/index.php?rest_route=%2Fwp%2Fv2%2Fcomments&post=4992"}],"version-history":[{"count":3,"href":"http:\/\/paroquiagloria.org\/v2\/index.php?rest_route=\/wp\/v2\/posts\/4992\/revisions"}],"predecessor-version":[{"id":5002,"href":"http:\/\/paroquiagloria.org\/v2\/index.php?rest_route=\/wp\/v2\/posts\/4992\/revisions\/5002"}],"wp:featuredmedia":[{"embeddable":true,"href":"http:\/\/paroquiagloria.org\/v2\/index.php?rest_route=\/wp\/v2\/media\/4993"}],"wp:attachment":[{"href":"http:\/\/paroquiagloria.org\/v2\/index.php?rest_route=%2Fwp%2Fv2%2Fmedia&parent=4992"}],"wp:term":[{"taxonomy":"category","embeddable":true,"href":"http:\/\/paroquiagloria.org\/v2\/index.php?rest_route=%2Fwp%2Fv2%2Fcategories&post=4992"},{"taxonomy":"post_tag","embeddable":true,"href":"http:\/\/paroquiagloria.org\/v2\/index.php?rest_route=%2Fwp%2Fv2%2Ftags&post=4992"}],"curies":[{"name":"wp","href":"https:\/\/api.w.org\/{rel}","templated":true}]}}