{"id":4979,"date":"2016-12-03T20:15:06","date_gmt":"2016-12-03T20:15:06","guid":{"rendered":"http:\/\/paroquiagloria.org\/v2\/?p=4979"},"modified":"2016-12-03T20:17:02","modified_gmt":"2016-12-03T20:17:02","slug":"semeadores-da-esperanca-promotores-do-encontro-2","status":"publish","type":"post","link":"http:\/\/paroquiagloria.org\/v2\/?p=4979","title":{"rendered":"Semeadores da esperan\u00e7a, promotores do encontro"},"content":{"rendered":"<p><a href=\"http:\/\/paroquiagloria.org\/v2\/wp-content\/uploads\/2016\/12\/IMG_20161203_165638.jpg\"><img loading=\"lazy\" class=\"size-large wp-image-4981 aligncenter\" src=\"http:\/\/paroquiagloria.org\/v2\/wp-content\/uploads\/2016\/12\/IMG_20161203_165638-1024x576.jpg\" alt=\"img_20161203_165638\" width=\"1024\" height=\"576\" srcset=\"http:\/\/paroquiagloria.org\/v2\/wp-content\/uploads\/2016\/12\/IMG_20161203_165638-1024x576.jpg 1024w, http:\/\/paroquiagloria.org\/v2\/wp-content\/uploads\/2016\/12\/IMG_20161203_165638-300x169.jpg 300w\" sizes=\"(max-width: 1024px) 100vw, 1024px\" \/><\/a><\/p>\n<p style=\"text-align: justify;\">&#8220;Semeadores da esperan\u00e7a, promotores do encontro&#8221;. \u00c9 com este lema que, unidos \u00e0 Igreja diocesana, nos dispomos viver este tempo de gra\u00e7a que \u00e9 o Advento como caminho de prepara\u00e7\u00e3o para o Natal, a festa do nascimento de Jesus, rosto da esperan\u00e7a, nossa alegria.<br \/>\nNesta segunda semana a frase forte \u00e9 &#8220;Somos portadores da esperan\u00e7a&#8221;.<br \/>\nAo acender a segunda vela da coroa de Advento, que as fam\u00edlias tamb\u00e9m est\u00e3o convidadas a fazer em suas casas, fazemos a seguinte ora\u00e7\u00e3o:<\/p>\n<p style=\"padding-left: 60px;\"><strong>Somos semeadores da esperan\u00e7a,<\/strong><br \/>\ntal como os profetas<br \/>\nque mantinham acesa a esperan\u00e7a de Israel.<br \/>\nO velho tronco est\u00e1 a rebentar de novo,<br \/>\nbrota e floresce o deserto\u2026<br \/>\nQueremos abrir os ouvidos do cora\u00e7\u00e3o<br \/>\ne, no sil\u00eancio, escutar a Palavra.<\/p>\n<p style=\"padding-left: 60px;\">Acendemos a segunda vela<br \/>\ndeste caminho at\u00e9 ao Natal.<br \/>\nVinde, Senhor Jesus!<\/p>\n<p>________________________________________________<\/p>\n<p>As velas da Campanha &#8220;<strong>10 Milh\u00f5es de Estrelas &#8211; Um gesto pela Paz<\/strong>&#8220;, da Caritas, podem ser adquiridas no final das celebra\u00e7\u00f5es. Neste \u00e2mbito est\u00e1 j\u00e1 marcada uma manifesta\u00e7\u00e3o p\u00fablica que decorrer\u00e1 junto ao Hospital de Aveiro, no dia 17, \u00e0s 18h.<\/p>\n<p style=\"text-align: justify;\">________________________________________________<\/p>\n<p style=\"text-align: justify;\">O livro das edi\u00e7\u00f5es Salesianas &#8220;<strong>Rezar no Advento<\/strong>&#8221; est\u00e1 dispon\u00edvel como um oportuno subs\u00eddio de ora\u00e7\u00e3o pessoal e fam\u00edlia.<\/p>\n<p style=\"text-align: justify;\">________________________________________________<\/p>\n","protected":false},"excerpt":{"rendered":"<p>&#8220;Semeadores da esperan\u00e7a, promotores do encontro&#8221;. \u00c9 com este lema que, unidos \u00e0 Igreja diocesana, nos dispomos viver este tempo de gra\u00e7a que \u00e9 o Advento como caminho de prepara\u00e7\u00e3o para o Natal, a festa do nascimento de Jesus, rosto da esperan\u00e7a, nossa alegria. Nesta segunda semana a frase forte \u00e9 &#8220;Somos portadores da esperan\u00e7a&#8221;. [&hellip;]<\/p>\n","protected":false},"author":1,"featured_media":4982,"comment_status":"open","ping_status":"closed","sticky":false,"template":"","format":"standard","meta":{"ngg_post_thumbnail":0},"categories":[1,4,2,6,19],"tags":[],"_links":{"self":[{"href":"http:\/\/paroquiagloria.org\/v2\/index.php?rest_route=\/wp\/v2\/posts\/4979"}],"collection":[{"href":"http:\/\/paroquiagloria.org\/v2\/index.php?rest_route=\/wp\/v2\/posts"}],"about":[{"href":"http:\/\/paroquiagloria.org\/v2\/index.php?rest_route=\/wp\/v2\/types\/post"}],"author":[{"embeddable":true,"href":"http:\/\/paroquiagloria.org\/v2\/index.php?rest_route=\/wp\/v2\/users\/1"}],"replies":[{"embeddable":true,"href":"http:\/\/paroquiagloria.org\/v2\/index.php?rest_route=%2Fwp%2Fv2%2Fcomments&post=4979"}],"version-history":[{"count":4,"href":"http:\/\/paroquiagloria.org\/v2\/index.php?rest_route=\/wp\/v2\/posts\/4979\/revisions"}],"predecessor-version":[{"id":4985,"href":"http:\/\/paroquiagloria.org\/v2\/index.php?rest_route=\/wp\/v2\/posts\/4979\/revisions\/4985"}],"wp:featuredmedia":[{"embeddable":true,"href":"http:\/\/paroquiagloria.org\/v2\/index.php?rest_route=\/wp\/v2\/media\/4982"}],"wp:attachment":[{"href":"http:\/\/paroquiagloria.org\/v2\/index.php?rest_route=%2Fwp%2Fv2%2Fmedia&parent=4979"}],"wp:term":[{"taxonomy":"category","embeddable":true,"href":"http:\/\/paroquiagloria.org\/v2\/index.php?rest_route=%2Fwp%2Fv2%2Fcategories&post=4979"},{"taxonomy":"post_tag","embeddable":true,"href":"http:\/\/paroquiagloria.org\/v2\/index.php?rest_route=%2Fwp%2Fv2%2Ftags&post=4979"}],"curies":[{"name":"wp","href":"https:\/\/api.w.org\/{rel}","templated":true}]}}