{"id":4945,"date":"2016-11-26T20:05:57","date_gmt":"2016-11-26T20:05:57","guid":{"rendered":"http:\/\/paroquiagloria.org\/v2\/?p=4945"},"modified":"2016-11-26T20:05:57","modified_gmt":"2016-11-26T20:05:57","slug":"oracao-de-laudes","status":"publish","type":"post","link":"http:\/\/paroquiagloria.org\/v2\/?p=4945","title":{"rendered":"Ora\u00e7\u00e3o de laudes"},"content":{"rendered":"<p><a href=\"http:\/\/paroquiagloria.org\/v2\/wp-content\/uploads\/2016\/11\/hours.jpg\"><img loading=\"lazy\" class=\"size-full wp-image-4947 aligncenter\" src=\"http:\/\/paroquiagloria.org\/v2\/wp-content\/uploads\/2016\/11\/hours.jpg\" alt=\"hours\" width=\"500\" height=\"494\" srcset=\"http:\/\/paroquiagloria.org\/v2\/wp-content\/uploads\/2016\/11\/hours.jpg 500w, http:\/\/paroquiagloria.org\/v2\/wp-content\/uploads\/2016\/11\/hours-300x296.jpg 300w\" sizes=\"(max-width: 500px) 100vw, 500px\" \/><\/a><\/p>\n<p>Durante o tempo de Advento que iniciamos, haver\u00e1 na S\u00e9 a ora\u00e7\u00e3o de laudes, de segunda a s\u00e1bado, logo ap\u00f3s a missa das 8h30.<\/p>\n","protected":false},"excerpt":{"rendered":"<p>Durante o tempo de Advento que iniciamos, haver\u00e1 na S\u00e9 a ora\u00e7\u00e3o de laudes, de segunda a s\u00e1bado, logo ap\u00f3s a missa das 8h30.<\/p>\n","protected":false},"author":1,"featured_media":4946,"comment_status":"open","ping_status":"closed","sticky":false,"template":"","format":"standard","meta":{"ngg_post_thumbnail":0},"categories":[1,4,2,6,19],"tags":[],"_links":{"self":[{"href":"http:\/\/paroquiagloria.org\/v2\/index.php?rest_route=\/wp\/v2\/posts\/4945"}],"collection":[{"href":"http:\/\/paroquiagloria.org\/v2\/index.php?rest_route=\/wp\/v2\/posts"}],"about":[{"href":"http:\/\/paroquiagloria.org\/v2\/index.php?rest_route=\/wp\/v2\/types\/post"}],"author":[{"embeddable":true,"href":"http:\/\/paroquiagloria.org\/v2\/index.php?rest_route=\/wp\/v2\/users\/1"}],"replies":[{"embeddable":true,"href":"http:\/\/paroquiagloria.org\/v2\/index.php?rest_route=%2Fwp%2Fv2%2Fcomments&post=4945"}],"version-history":[{"count":1,"href":"http:\/\/paroquiagloria.org\/v2\/index.php?rest_route=\/wp\/v2\/posts\/4945\/revisions"}],"predecessor-version":[{"id":4948,"href":"http:\/\/paroquiagloria.org\/v2\/index.php?rest_route=\/wp\/v2\/posts\/4945\/revisions\/4948"}],"wp:featuredmedia":[{"embeddable":true,"href":"http:\/\/paroquiagloria.org\/v2\/index.php?rest_route=\/wp\/v2\/media\/4946"}],"wp:attachment":[{"href":"http:\/\/paroquiagloria.org\/v2\/index.php?rest_route=%2Fwp%2Fv2%2Fmedia&parent=4945"}],"wp:term":[{"taxonomy":"category","embeddable":true,"href":"http:\/\/paroquiagloria.org\/v2\/index.php?rest_route=%2Fwp%2Fv2%2Fcategories&post=4945"},{"taxonomy":"post_tag","embeddable":true,"href":"http:\/\/paroquiagloria.org\/v2\/index.php?rest_route=%2Fwp%2Fv2%2Ftags&post=4945"}],"curies":[{"name":"wp","href":"https:\/\/api.w.org\/{rel}","templated":true}]}}