{"id":4942,"date":"2016-11-26T19:59:52","date_gmt":"2016-11-26T19:59:52","guid":{"rendered":"http:\/\/paroquiagloria.org\/v2\/?p=4942"},"modified":"2016-11-26T19:59:52","modified_gmt":"2016-11-26T19:59:52","slug":"tempo-de-advento-semeadores-da-esperanca-promotores-do-encontro","status":"publish","type":"post","link":"http:\/\/paroquiagloria.org\/v2\/?p=4942","title":{"rendered":"Tempo de Advento: Semeadores da esperan\u00e7a, promotores do encontro"},"content":{"rendered":"<p style=\"text-align: center;\"><a href=\"http:\/\/paroquiagloria.org\/v2\/wp-content\/uploads\/2016\/11\/banner02.jpg\"><img loading=\"lazy\" class=\"alignnone size-full wp-image-4929\" src=\"http:\/\/paroquiagloria.org\/v2\/wp-content\/uploads\/2016\/11\/banner02.jpg\" alt=\"banner02\" width=\"960\" height=\"450\" srcset=\"http:\/\/paroquiagloria.org\/v2\/wp-content\/uploads\/2016\/11\/banner02.jpg 960w, http:\/\/paroquiagloria.org\/v2\/wp-content\/uploads\/2016\/11\/banner02-300x141.jpg 300w\" sizes=\"(max-width: 960px) 100vw, 960px\" \/><\/a><\/p>\n<p style=\"text-align: justify;\"><strong>&#8220;Semeadores da esperan\u00e7a, promotores do encontro<\/strong>&#8220;. \u00c9 com este lema que nos dispomos viver este tempo de gra\u00e7a que \u00e9 o Advento, como caminho de prepara\u00e7\u00e3o para o Natal, a festa do nascimento de Jesus, rosto da esperan\u00e7a, nossa alegria.<br \/>\nOs sinais pr\u00f3prios da liturgia do Advento, como tempo de cariz penitencial e proped\u00eautico do Natal, fazem&#8211;nos concentrar no essencial, ao mesmo tempo que nos permitem fazer a experi\u00eancia de peregrina\u00e7\u00e3o interior. Esta pode manifestar-se por meio de uma ora\u00e7\u00e3o mais acurada e intensa, pela participa\u00e7\u00e3o na Eucaristia mais ativa e conscientemente, e pela viv\u00eancia da caridade e da partilha fraterna, o crit\u00e9rio de verifica\u00e7\u00e3o do nosso amor a Deus.<br \/>\nCom a chegada do novo ano lit\u00fargico, para celebrarmos festivamente Jesus Cristo, e para promovermos uma cultura de encontro, como nos pede o plano diocesano e paroquial de pastoral, iremos come\u00e7ar a fazer na nossa igreja um breve acolhimento \u00e0s pessoas que entram pela porta principal para as missas. Da\u00ed, sempre que for poss\u00edvel, iniciaremos tamb\u00e9m a prociss\u00e3o de entrada da celebra\u00e7\u00e3o. Oxal\u00e1 consigamos quanto antes reconstituir pequenas equipas que sejam rosto de uma comunidade acolhedora, aberta e fraterna.<br \/>\nNas missas dominicais do Advento faremos um pequeno rito para acender as velas da coroa colocada junto ao altar. De igual modo, desafiamos as fam\u00edlias a fazerem em suas casas a coroa do Advento.<br \/>\nO livro das edi\u00e7\u00f5es Salesianas &#8220;Rezar no Advento&#8221; tem sido commumente aceite como oportuno subs\u00eddio para a ora\u00e7\u00e3o pessoal e familiar. \u00c9 poss\u00edvel adquiri-lo no fim das missas. Caminhemos \u00e0 luz do Senhor.<\/p>\n<p style=\"text-align: justify;\">\n<p style=\"text-align: justify;\"><a href=\"http:\/\/paroquiagloria.org\/v2\/wp-content\/uploads\/2016\/11\/Advento_1.jpg\"><img loading=\"lazy\" class=\"size-large wp-image-4943 aligncenter\" src=\"http:\/\/paroquiagloria.org\/v2\/wp-content\/uploads\/2016\/11\/Advento_1-1024x576.jpg\" alt=\"advento_1\" width=\"1024\" height=\"576\" srcset=\"http:\/\/paroquiagloria.org\/v2\/wp-content\/uploads\/2016\/11\/Advento_1-1024x576.jpg 1024w, http:\/\/paroquiagloria.org\/v2\/wp-content\/uploads\/2016\/11\/Advento_1-300x169.jpg 300w\" sizes=\"(max-width: 1024px) 100vw, 1024px\" \/><\/a><\/p>\n<p style=\"padding-left: 90px;\"><strong>Deus vem semear a esperan\u00e7a<\/strong><br \/>\ne neste tempo de Advento<br \/>\nqueremos levantar-nos,<br \/>\nestar despertos e vigilantes,<br \/>\npara acolher<br \/>\na luz mais clara,<br \/>\na paz mais profunda,<br \/>\ne a alegria mais verdadeira.<\/p>\n<p style=\"padding-left: 90px;\">Acedemos a primeira vela<br \/>\ndeste caminho at\u00e9 ao Natal.<br \/>\nVinde, Senhor Jesus!<\/p>\n","protected":false},"excerpt":{"rendered":"<p>&#8220;Semeadores da esperan\u00e7a, promotores do encontro&#8220;. \u00c9 com este lema que nos dispomos viver este tempo de gra\u00e7a que \u00e9 o Advento, como caminho de prepara\u00e7\u00e3o para o Natal, a festa do nascimento de Jesus, rosto da esperan\u00e7a, nossa alegria. Os sinais pr\u00f3prios da liturgia do Advento, como tempo de cariz penitencial e proped\u00eautico do [&hellip;]<\/p>\n","protected":false},"author":1,"featured_media":4929,"comment_status":"open","ping_status":"closed","sticky":false,"template":"","format":"standard","meta":{"ngg_post_thumbnail":0},"categories":[1,4,2,6,19],"tags":[],"_links":{"self":[{"href":"http:\/\/paroquiagloria.org\/v2\/index.php?rest_route=\/wp\/v2\/posts\/4942"}],"collection":[{"href":"http:\/\/paroquiagloria.org\/v2\/index.php?rest_route=\/wp\/v2\/posts"}],"about":[{"href":"http:\/\/paroquiagloria.org\/v2\/index.php?rest_route=\/wp\/v2\/types\/post"}],"author":[{"embeddable":true,"href":"http:\/\/paroquiagloria.org\/v2\/index.php?rest_route=\/wp\/v2\/users\/1"}],"replies":[{"embeddable":true,"href":"http:\/\/paroquiagloria.org\/v2\/index.php?rest_route=%2Fwp%2Fv2%2Fcomments&post=4942"}],"version-history":[{"count":1,"href":"http:\/\/paroquiagloria.org\/v2\/index.php?rest_route=\/wp\/v2\/posts\/4942\/revisions"}],"predecessor-version":[{"id":4944,"href":"http:\/\/paroquiagloria.org\/v2\/index.php?rest_route=\/wp\/v2\/posts\/4942\/revisions\/4944"}],"wp:featuredmedia":[{"embeddable":true,"href":"http:\/\/paroquiagloria.org\/v2\/index.php?rest_route=\/wp\/v2\/media\/4929"}],"wp:attachment":[{"href":"http:\/\/paroquiagloria.org\/v2\/index.php?rest_route=%2Fwp%2Fv2%2Fmedia&parent=4942"}],"wp:term":[{"taxonomy":"category","embeddable":true,"href":"http:\/\/paroquiagloria.org\/v2\/index.php?rest_route=%2Fwp%2Fv2%2Fcategories&post=4942"},{"taxonomy":"post_tag","embeddable":true,"href":"http:\/\/paroquiagloria.org\/v2\/index.php?rest_route=%2Fwp%2Fv2%2Ftags&post=4942"}],"curies":[{"name":"wp","href":"https:\/\/api.w.org\/{rel}","templated":true}]}}