{"id":4934,"date":"2016-11-19T20:36:54","date_gmt":"2016-11-19T20:36:54","guid":{"rendered":"http:\/\/paroquiagloria.org\/v2\/?p=4934"},"modified":"2016-11-19T20:36:54","modified_gmt":"2016-11-19T20:36:54","slug":"concurso-o-verdadeiro-natal-3","status":"publish","type":"post","link":"http:\/\/paroquiagloria.org\/v2\/?p=4934","title":{"rendered":"Concurso  &#8220;O verdadeiro Natal&#8221;"},"content":{"rendered":"<p><a href=\"http:\/\/paroquiagloria.org\/v2\/wp-content\/uploads\/2016\/11\/cantarreis2016.jpg\"><img loading=\"lazy\" class=\"alignnone size-full wp-image-4913\" src=\"http:\/\/paroquiagloria.org\/v2\/wp-content\/uploads\/2016\/11\/cantarreis2016.jpg\" alt=\"cantarreis2016\" width=\"960\" height=\"606\" srcset=\"http:\/\/paroquiagloria.org\/v2\/wp-content\/uploads\/2016\/11\/cantarreis2016.jpg 960w, http:\/\/paroquiagloria.org\/v2\/wp-content\/uploads\/2016\/11\/cantarreis2016-300x189.jpg 300w\" sizes=\"(max-width: 960px) 100vw, 960px\" \/><\/a><\/p>\n<p style=\"text-align: justify;\">At\u00e9 ao dia <strong>3 de Dezembro<\/strong> aceitamos os trabalhos relativos ao concurso <strong>&#8220;O verdadeiro Natal&#8221;<\/strong> que est\u00e1 a decorrer ao n\u00edvel da catequese e dos escuteiros da nossa Par\u00f3quia.<br \/>\nEste concurso tem a finalidade de criar a imagem natal\u00edcia que ser\u00e1 rosto dos votos de Boas Festas e Feliz Ano Novo.<br \/>\nO trabalho seleccionado como vencedor ser\u00e1 editado em formato postal e ser\u00e1 oferecido \u00e0s pessoas na quadra natal\u00edcia, especialmente no Cantar dos Reis (de 3 a 9 de Janeiro de 2017) que promoveremos como ac\u00e7\u00e3o congregadora e tamb\u00e9m ser\u00e1 difundido nos meios digitais da par\u00f3quia. O regulamento est\u00e1 dispon\u00edvel no site e apelamos \u00e0 participa\u00e7\u00e3o de todos os destinat\u00e1rios deste concurso.<\/p>\n<p>&nbsp;<\/p>\n<p><strong>REGULAMENTO:<\/strong><\/p>\n<p><strong>Objetivos:<\/strong><\/p>\n<ol>\n<li>Criar a imagem de Natal da par\u00f3quia<\/li>\n<li>Promover a criatividade e a express\u00e3o art\u00edstica dos mais jovens<\/li>\n<\/ol>\n<p><strong>Destinat\u00e1rios:<\/strong><\/p>\n<p>Crian\u00e7as, adolescentes, jovens e adultos inscritos na Catequese da Par\u00f3quia de Nossa Senhora da Gl\u00f3ria assim como catequistas e animadores;<\/p>\n<p>Lobitos, exploradores, pioneiros e caminheiros dos agrupamentos existentes na Par\u00f3quia de Nossa Senhora da Gl\u00f3ria (191 Aveiro, 794 Vilar), assim como animadores.<\/p>\n<p><strong>Pr\u00e9mio:<\/strong><\/p>\n<p>Edi\u00e7\u00e3o do trabalho premiado em postal, com a identifica\u00e7\u00e3o do autor<\/p>\n<p><strong>Local de entrega dos trabalhos e prazo:<\/strong><\/p>\n<p>Na secretaria paroquial, at\u00e9 3 de dezembro<\/p>\n<p><strong>Carater\u00edsticas e apresenta\u00e7\u00e3o dos trabalhos:<\/strong><\/p>\n<p>Aceitam-se trabalhos individuais e colectivos originais.<\/p>\n<p>As propostas devem respeitar o formato A4.<\/p>\n<p>S\u00f3 se aceitam trabalhos manuais [n\u00e3o digitais] utilizando carv\u00e3o, l\u00e1pis de cor, aguarela, guache, marcadores, l\u00e1pis de cera, \u00f3leo. N\u00e3o s\u00e3o permitidas colagens.<\/p>\n<p>Os trabalhos devem ser acompanhados de folha com identifica\u00e7\u00e3o do(s) autor(es): nome, grupo, contacto.<\/p>\n<p><strong>J\u00fari:<\/strong><\/p>\n<p>Composto por tr\u00eas elementos: o p\u00e1roco, um designer e um convidado.<\/p>\n<p>A publica\u00e7\u00e3o dos resultados ser\u00e1 no dia 10 de dezembro nos meios de comunica\u00e7\u00e3o da Par\u00f3quia.<\/p>\n<p><strong>Observa\u00e7\u00f5es:<\/strong><\/p>\n<p>Os trabalhos apresentados a concurso s\u00e3o propriedade da Par\u00f3quia que se reserva o direito de os expor e divulgar. Os mesmos n\u00e3o ser\u00e3o devolvidos.<\/p>\n<p>Qualquer ponto omisso neste regulamento ser\u00e1 resolvido pela organiza\u00e7\u00e3o.<\/p>\n","protected":false},"excerpt":{"rendered":"<p>At\u00e9 ao dia 3 de Dezembro aceitamos os trabalhos relativos ao concurso &#8220;O verdadeiro Natal&#8221; que est\u00e1 a decorrer ao n\u00edvel da catequese e dos escuteiros da nossa Par\u00f3quia. Este concurso tem a finalidade de criar a imagem natal\u00edcia que ser\u00e1 rosto dos votos de Boas Festas e Feliz Ano Novo. O trabalho seleccionado como [&hellip;]<\/p>\n","protected":false},"author":1,"featured_media":4914,"comment_status":"open","ping_status":"closed","sticky":false,"template":"","format":"standard","meta":{"ngg_post_thumbnail":0},"categories":[1,4,2,6,19],"tags":[],"_links":{"self":[{"href":"http:\/\/paroquiagloria.org\/v2\/index.php?rest_route=\/wp\/v2\/posts\/4934"}],"collection":[{"href":"http:\/\/paroquiagloria.org\/v2\/index.php?rest_route=\/wp\/v2\/posts"}],"about":[{"href":"http:\/\/paroquiagloria.org\/v2\/index.php?rest_route=\/wp\/v2\/types\/post"}],"author":[{"embeddable":true,"href":"http:\/\/paroquiagloria.org\/v2\/index.php?rest_route=\/wp\/v2\/users\/1"}],"replies":[{"embeddable":true,"href":"http:\/\/paroquiagloria.org\/v2\/index.php?rest_route=%2Fwp%2Fv2%2Fcomments&post=4934"}],"version-history":[{"count":1,"href":"http:\/\/paroquiagloria.org\/v2\/index.php?rest_route=\/wp\/v2\/posts\/4934\/revisions"}],"predecessor-version":[{"id":4935,"href":"http:\/\/paroquiagloria.org\/v2\/index.php?rest_route=\/wp\/v2\/posts\/4934\/revisions\/4935"}],"wp:featuredmedia":[{"embeddable":true,"href":"http:\/\/paroquiagloria.org\/v2\/index.php?rest_route=\/wp\/v2\/media\/4914"}],"wp:attachment":[{"href":"http:\/\/paroquiagloria.org\/v2\/index.php?rest_route=%2Fwp%2Fv2%2Fmedia&parent=4934"}],"wp:term":[{"taxonomy":"category","embeddable":true,"href":"http:\/\/paroquiagloria.org\/v2\/index.php?rest_route=%2Fwp%2Fv2%2Fcategories&post=4934"},{"taxonomy":"post_tag","embeddable":true,"href":"http:\/\/paroquiagloria.org\/v2\/index.php?rest_route=%2Fwp%2Fv2%2Ftags&post=4934"}],"curies":[{"name":"wp","href":"https:\/\/api.w.org\/{rel}","templated":true}]}}