{"id":4928,"date":"2016-11-19T20:26:22","date_gmt":"2016-11-19T20:26:22","guid":{"rendered":"http:\/\/paroquiagloria.org\/v2\/?p=4928"},"modified":"2016-11-19T20:27:05","modified_gmt":"2016-11-19T20:27:05","slug":"semeadores-da-esperanca-promotores-do-encontro","status":"publish","type":"post","link":"http:\/\/paroquiagloria.org\/v2\/?p=4928","title":{"rendered":"Semeadores da esperan\u00e7a, promotores do encontro"},"content":{"rendered":"<p><a href=\"http:\/\/paroquiagloria.org\/v2\/wp-content\/uploads\/2016\/11\/banner02.jpg\"><img loading=\"lazy\" class=\"alignnone size-full wp-image-4929\" src=\"http:\/\/paroquiagloria.org\/v2\/wp-content\/uploads\/2016\/11\/banner02.jpg\" alt=\"banner02\" width=\"960\" height=\"450\" srcset=\"http:\/\/paroquiagloria.org\/v2\/wp-content\/uploads\/2016\/11\/banner02.jpg 960w, http:\/\/paroquiagloria.org\/v2\/wp-content\/uploads\/2016\/11\/banner02-300x141.jpg 300w\" sizes=\"(max-width: 960px) 100vw, 960px\" \/><\/a><\/p>\n<p style=\"text-align: justify;\">Com a solenidade de Jesus Cristo, Rei e Senhor do Universo, conclu\u00edmos o ano lit\u00fargico. O novo ano inicia no pr\u00f3ximo domingo, com o tempo de Advento. Em quatro domingos nos prepararemos para fazer do Natal, verdadeiramente a festa do nascimento de Jesus, rosto da esperan\u00e7a, nossa alegria.<br \/>\nA nossa diocese apresentou uma proposta de caminhada com o lema &#8220;Semeadores da esperan\u00e7a, promotores do encontro&#8221;, que est\u00e1 dispon\u00edvel no site e que adaptaremos ao n\u00edvel da nossa catequese paroquial e tamb\u00e9m na express\u00e3o lit\u00fargica da comunidade, valorizando especialmente a coroa do advento e o constru\u00e7\u00e3o do pres\u00e9pio. Como proposta simples e acess\u00edvel para a ora\u00e7\u00e3o pessoal e familiar, como habitualmente, dispomos dos livros das edi\u00e7\u00f5es Salesianas &#8220;Rezar no Advento&#8221;, que j\u00e1 poder\u00e3o ser adquiridos na secretaria ou no final das missas da pr\u00f3xima semana.<\/p>\n","protected":false},"excerpt":{"rendered":"<p>Com a solenidade de Jesus Cristo, Rei e Senhor do Universo, conclu\u00edmos o ano lit\u00fargico. O novo ano inicia no pr\u00f3ximo domingo, com o tempo de Advento. Em quatro domingos nos prepararemos para fazer do Natal, verdadeiramente a festa do nascimento de Jesus, rosto da esperan\u00e7a, nossa alegria. A nossa diocese apresentou uma proposta de [&hellip;]<\/p>\n","protected":false},"author":1,"featured_media":4929,"comment_status":"open","ping_status":"closed","sticky":false,"template":"","format":"standard","meta":{"ngg_post_thumbnail":0},"categories":[1,4,2,6,19],"tags":[],"_links":{"self":[{"href":"http:\/\/paroquiagloria.org\/v2\/index.php?rest_route=\/wp\/v2\/posts\/4928"}],"collection":[{"href":"http:\/\/paroquiagloria.org\/v2\/index.php?rest_route=\/wp\/v2\/posts"}],"about":[{"href":"http:\/\/paroquiagloria.org\/v2\/index.php?rest_route=\/wp\/v2\/types\/post"}],"author":[{"embeddable":true,"href":"http:\/\/paroquiagloria.org\/v2\/index.php?rest_route=\/wp\/v2\/users\/1"}],"replies":[{"embeddable":true,"href":"http:\/\/paroquiagloria.org\/v2\/index.php?rest_route=%2Fwp%2Fv2%2Fcomments&post=4928"}],"version-history":[{"count":1,"href":"http:\/\/paroquiagloria.org\/v2\/index.php?rest_route=\/wp\/v2\/posts\/4928\/revisions"}],"predecessor-version":[{"id":4930,"href":"http:\/\/paroquiagloria.org\/v2\/index.php?rest_route=\/wp\/v2\/posts\/4928\/revisions\/4930"}],"wp:featuredmedia":[{"embeddable":true,"href":"http:\/\/paroquiagloria.org\/v2\/index.php?rest_route=\/wp\/v2\/media\/4929"}],"wp:attachment":[{"href":"http:\/\/paroquiagloria.org\/v2\/index.php?rest_route=%2Fwp%2Fv2%2Fmedia&parent=4928"}],"wp:term":[{"taxonomy":"category","embeddable":true,"href":"http:\/\/paroquiagloria.org\/v2\/index.php?rest_route=%2Fwp%2Fv2%2Fcategories&post=4928"},{"taxonomy":"post_tag","embeddable":true,"href":"http:\/\/paroquiagloria.org\/v2\/index.php?rest_route=%2Fwp%2Fv2%2Ftags&post=4928"}],"curies":[{"name":"wp","href":"https:\/\/api.w.org\/{rel}","templated":true}]}}