{"id":4883,"date":"2016-11-05T19:34:52","date_gmt":"2016-11-05T19:34:52","guid":{"rendered":"http:\/\/paroquiagloria.org\/v2\/?p=4883"},"modified":"2016-11-05T19:34:52","modified_gmt":"2016-11-05T19:34:52","slug":"encerramento-do-ano-santo-da-misericordia","status":"publish","type":"post","link":"http:\/\/paroquiagloria.org\/v2\/?p=4883","title":{"rendered":"Encerramento do Ano Santo da Miseric\u00f3rdia"},"content":{"rendered":"<p style=\"text-align: center;\"><a href=\"http:\/\/paroquiagloria.org\/v2\/wp-content\/uploads\/2016\/11\/cartaz_vFB.jpg\"><img loading=\"lazy\" class=\"alignnone size-full wp-image-4884\" src=\"http:\/\/paroquiagloria.org\/v2\/wp-content\/uploads\/2016\/11\/cartaz_vFB.jpg\" alt=\"cartaz_vfb\" width=\"279\" height=\"395\" srcset=\"http:\/\/paroquiagloria.org\/v2\/wp-content\/uploads\/2016\/11\/cartaz_vFB.jpg 279w, http:\/\/paroquiagloria.org\/v2\/wp-content\/uploads\/2016\/11\/cartaz_vFB-212x300.jpg 212w\" sizes=\"(max-width: 279px) 100vw, 279px\" \/><\/a><\/p>\n<p>&nbsp;<\/p>\n<p style=\"text-align: justify;\">No domingo de Cristo Rei, dia 20 de Novembro, D. Ant\u00f3nio Moiteiro preside \u00e0 missa na S\u00e9, \u00e0s 19h, assinalando o encerramento do Ano Santo da Miseric\u00f3rdia.<br \/>\nPara preparar esta celebra\u00e7\u00e3o diocesana est\u00e3o marcados ensaios para os coros do Arciprestado de Aveiro esta ter\u00e7a-feira, dia 8, e tamb\u00e9m no dia 15 de Novembro, \u00e0s 21h15, na S\u00e9.<br \/>\nAinda no contexto do encerramento deste Jubileu que o Papa Francisco convocou est\u00e1 marcado para o pr\u00f3ximo s\u00e1bado, dia 12, \u00e0s 21h30, um concerto sob a direc\u00e7\u00e3o de Ant\u00f3nio M\u00e1rio Costa com Jo\u00e3o Santos ao \u00f3rg\u00e3o, a soprano Helena Santos e com os Coros da Catedral de Aveiro e de Santa Joana.<\/p>\n","protected":false},"excerpt":{"rendered":"<p>&nbsp; No domingo de Cristo Rei, dia 20 de Novembro, D. Ant\u00f3nio Moiteiro preside \u00e0 missa na S\u00e9, \u00e0s 19h, assinalando o encerramento do Ano Santo da Miseric\u00f3rdia. Para preparar esta celebra\u00e7\u00e3o diocesana est\u00e3o marcados ensaios para os coros do Arciprestado de Aveiro esta ter\u00e7a-feira, dia 8, e tamb\u00e9m no dia 15 de Novembro, \u00e0s [&hellip;]<\/p>\n","protected":false},"author":1,"featured_media":4885,"comment_status":"open","ping_status":"closed","sticky":false,"template":"","format":"standard","meta":{"ngg_post_thumbnail":0},"categories":[1,4,2,6,19],"tags":[],"_links":{"self":[{"href":"http:\/\/paroquiagloria.org\/v2\/index.php?rest_route=\/wp\/v2\/posts\/4883"}],"collection":[{"href":"http:\/\/paroquiagloria.org\/v2\/index.php?rest_route=\/wp\/v2\/posts"}],"about":[{"href":"http:\/\/paroquiagloria.org\/v2\/index.php?rest_route=\/wp\/v2\/types\/post"}],"author":[{"embeddable":true,"href":"http:\/\/paroquiagloria.org\/v2\/index.php?rest_route=\/wp\/v2\/users\/1"}],"replies":[{"embeddable":true,"href":"http:\/\/paroquiagloria.org\/v2\/index.php?rest_route=%2Fwp%2Fv2%2Fcomments&post=4883"}],"version-history":[{"count":1,"href":"http:\/\/paroquiagloria.org\/v2\/index.php?rest_route=\/wp\/v2\/posts\/4883\/revisions"}],"predecessor-version":[{"id":4886,"href":"http:\/\/paroquiagloria.org\/v2\/index.php?rest_route=\/wp\/v2\/posts\/4883\/revisions\/4886"}],"wp:featuredmedia":[{"embeddable":true,"href":"http:\/\/paroquiagloria.org\/v2\/index.php?rest_route=\/wp\/v2\/media\/4885"}],"wp:attachment":[{"href":"http:\/\/paroquiagloria.org\/v2\/index.php?rest_route=%2Fwp%2Fv2%2Fmedia&parent=4883"}],"wp:term":[{"taxonomy":"category","embeddable":true,"href":"http:\/\/paroquiagloria.org\/v2\/index.php?rest_route=%2Fwp%2Fv2%2Fcategories&post=4883"},{"taxonomy":"post_tag","embeddable":true,"href":"http:\/\/paroquiagloria.org\/v2\/index.php?rest_route=%2Fwp%2Fv2%2Ftags&post=4883"}],"curies":[{"name":"wp","href":"https:\/\/api.w.org\/{rel}","templated":true}]}}