{"id":4881,"date":"2016-11-05T19:31:13","date_gmt":"2016-11-05T19:31:13","guid":{"rendered":"http:\/\/paroquiagloria.org\/v2\/?p=4881"},"modified":"2016-11-05T19:43:35","modified_gmt":"2016-11-05T19:43:35","slug":"magusto-no-parque-2","status":"publish","type":"post","link":"http:\/\/paroquiagloria.org\/v2\/?p=4881","title":{"rendered":"Magusto no Parque"},"content":{"rendered":"<p><a href=\"http:\/\/paroquiagloria.org\/v2\/wp-content\/uploads\/2016\/10\/Magusto.jpeg\"><img loading=\"lazy\" class=\"alignnone size-full wp-image-4849\" src=\"http:\/\/paroquiagloria.org\/v2\/wp-content\/uploads\/2016\/10\/Magusto.jpeg\" alt=\"magusto\" width=\"506\" height=\"378\" srcset=\"http:\/\/paroquiagloria.org\/v2\/wp-content\/uploads\/2016\/10\/Magusto.jpeg 506w, http:\/\/paroquiagloria.org\/v2\/wp-content\/uploads\/2016\/10\/Magusto-300x224.jpeg 300w\" sizes=\"(max-width: 506px) 100vw, 506px\" \/><\/a><\/p>\n<p style=\"text-align: justify;\">No pr\u00f3ximo s\u00e1bado, por ocasi\u00e3o do S. Martinho, iremos realizar uma actividade para criar la\u00e7os entre a Catequese e os Escuteiros do 191-Aveiro. Esta actividade que inclui o Magusto decorrer\u00e1 no Parque Infante D. Pedro (junto ao coreto do Jardim Municipal) entre as 10h e as 17h, podendo terminar com a participa\u00e7\u00e3o na Missa, \u00e0s 19h, na S\u00e9, ap\u00f3s a qual a nova direc\u00e7\u00e3o do agrupamento 191-Aveiro tomar\u00e1 posse. Durante a manh\u00e3 e o princ\u00edpio da tarde haver\u00e1 jogos e din\u00e2micas. O magusto ser\u00e1 a partir das 15h30, e todas as fam\u00edlias est\u00e3o convidadas a participar. Cada um fica respons\u00e1vel por trazer o seu almo\u00e7o.<\/p>\n","protected":false},"excerpt":{"rendered":"<p>No pr\u00f3ximo s\u00e1bado, por ocasi\u00e3o do S. Martinho, iremos realizar uma actividade para criar la\u00e7os entre a Catequese e os Escuteiros do 191-Aveiro. Esta actividade que inclui o Magusto decorrer\u00e1 no Parque Infante D. Pedro (junto ao coreto do Jardim Municipal) entre as 10h e as 17h, podendo terminar com a participa\u00e7\u00e3o na Missa, \u00e0s [&hellip;]<\/p>\n","protected":false},"author":1,"featured_media":4891,"comment_status":"open","ping_status":"closed","sticky":false,"template":"","format":"standard","meta":{"ngg_post_thumbnail":0},"categories":[1,4,2,6,19],"tags":[],"_links":{"self":[{"href":"http:\/\/paroquiagloria.org\/v2\/index.php?rest_route=\/wp\/v2\/posts\/4881"}],"collection":[{"href":"http:\/\/paroquiagloria.org\/v2\/index.php?rest_route=\/wp\/v2\/posts"}],"about":[{"href":"http:\/\/paroquiagloria.org\/v2\/index.php?rest_route=\/wp\/v2\/types\/post"}],"author":[{"embeddable":true,"href":"http:\/\/paroquiagloria.org\/v2\/index.php?rest_route=\/wp\/v2\/users\/1"}],"replies":[{"embeddable":true,"href":"http:\/\/paroquiagloria.org\/v2\/index.php?rest_route=%2Fwp%2Fv2%2Fcomments&post=4881"}],"version-history":[{"count":1,"href":"http:\/\/paroquiagloria.org\/v2\/index.php?rest_route=\/wp\/v2\/posts\/4881\/revisions"}],"predecessor-version":[{"id":4882,"href":"http:\/\/paroquiagloria.org\/v2\/index.php?rest_route=\/wp\/v2\/posts\/4881\/revisions\/4882"}],"wp:featuredmedia":[{"embeddable":true,"href":"http:\/\/paroquiagloria.org\/v2\/index.php?rest_route=\/wp\/v2\/media\/4891"}],"wp:attachment":[{"href":"http:\/\/paroquiagloria.org\/v2\/index.php?rest_route=%2Fwp%2Fv2%2Fmedia&parent=4881"}],"wp:term":[{"taxonomy":"category","embeddable":true,"href":"http:\/\/paroquiagloria.org\/v2\/index.php?rest_route=%2Fwp%2Fv2%2Fcategories&post=4881"},{"taxonomy":"post_tag","embeddable":true,"href":"http:\/\/paroquiagloria.org\/v2\/index.php?rest_route=%2Fwp%2Fv2%2Ftags&post=4881"}],"curies":[{"name":"wp","href":"https:\/\/api.w.org\/{rel}","templated":true}]}}