{"id":4879,"date":"2016-11-05T19:30:13","date_gmt":"2016-11-05T19:30:13","guid":{"rendered":"http:\/\/paroquiagloria.org\/v2\/?p=4879"},"modified":"2016-11-05T19:30:13","modified_gmt":"2016-11-05T19:30:13","slug":"semana-dos-seminarios-movidos-pela-misericordia-de-deus","status":"publish","type":"post","link":"http:\/\/paroquiagloria.org\/v2\/?p=4879","title":{"rendered":"Semana dos Semin\u00e1rios &#8211; Movidos pela Miseric\u00f3rdia de Deus"},"content":{"rendered":"<p>&nbsp;<\/p>\n<p><a href=\"http:\/\/paroquiagloria.org\/v2\/wp-content\/uploads\/2016\/10\/posterSDSPrint-724x1024.jpg\"><img loading=\"lazy\" class=\"alignnone size-large wp-image-4855\" src=\"http:\/\/paroquiagloria.org\/v2\/wp-content\/uploads\/2016\/10\/posterSDSPrint-724x1024-724x1024.jpg\" alt=\"postersdsprint-724x1024\" width=\"724\" height=\"1024\" srcset=\"http:\/\/paroquiagloria.org\/v2\/wp-content\/uploads\/2016\/10\/posterSDSPrint-724x1024.jpg 724w, http:\/\/paroquiagloria.org\/v2\/wp-content\/uploads\/2016\/10\/posterSDSPrint-724x1024-212x300.jpg 212w\" sizes=\"(max-width: 724px) 100vw, 724px\" \/><\/a><\/p>\n<p style=\"text-align: justify;\">A tarefa das voca\u00e7\u00f5es diz respeito a toda a Igreja, a todas as institui\u00e7\u00f5es, a todos os organismos, a toda a sociedade. Todos somos chamados a cultivar uma cultura vocacional em toda a Diocese e em cada uma das nossas comunidades crist\u00e3s e tem de ser transversal a toda a pastoral diocesana. A pastoral das voca\u00e7\u00f5es situa-se, pois, na compreens\u00e3o da Igreja como comunh\u00e3o e miss\u00e3o. N\u00f3s, a Igreja e todos os crist\u00e3os, estamos chamados a viver o ideal comunit\u00e1rio de amor, que nos convida a promover ac\u00e7\u00f5es onde possamos experimentar a miseric\u00f3rdia de Deus. N\u00e3o podemos esquecer que Deus \u00e9 comunh\u00e3o na unidade e na rela\u00e7\u00e3o (cf. Jo 17, 20-23).<br \/>\nSer chamado a uma voca\u00e7\u00e3o concreta \u00e9 ser chamado a construir, com esperan\u00e7a, a sua vida no amor. Neste sentido, todos e cada um dos membros da Igreja devem ser mediadores da proposta vocacional. As par\u00f3quias, pela sua pr\u00f3pria identidade, s\u00e3o lugares privilegiados onde se proclama o Evangelho da voca\u00e7\u00e3o. \u00c0 fam\u00edlia, compete cultivar rela\u00e7\u00f5es de reciprocidade, ternura e compaix\u00e3o evang\u00e9licas, fomentando os g\u00e9rmenes da voca\u00e7\u00e3o.<\/p>\n<p style=\"text-align: right;\">da Mensagem do Bispo Diocesano<\/p>\n<p style=\"text-align: right;\">(<a href=\"http:\/\/www.diocese-aveiro.pt\/v2\/?p=14345\" target=\"_blank\">vers\u00e3o integral aqui<\/a>).<\/p>\n<p style=\"text-align: right;\">\n<h3 style=\"text-align: left; padding-left: 30px;\">ORA\u00c7\u00c3O<\/h3>\n<pre style=\"text-align: left; padding-left: 30px;\">Maria, Senhora da Mensagem e do Ros\u00e1rio, \r\nProfecia do amor misericordioso de Deus , \r\nPrim\u00edcia e figura da Igreja fiel e crente: \r\nIntercedei por todas as Fam\u00edlias a Deus Pai \r\nPara que nelas resplande\u00e7a a f\u00e9 e a ternura \r\nA alegria da comunh\u00e3o e da fidelidade \r\nE sejam fecundas na sua identidade e miss\u00e3o.<\/pre>\n<pre style=\"padding-left: 30px;\">Maria, Senhora do Imaculado Cora\u00e7\u00e3o, \r\nM\u00e3e do Amor belo e da Miseric\u00f3rdia, \r\nHumilde Serva e disc\u00edpula do Senhor: \r\nIntercedei por todos os Seminaristas a Deus Pai \r\nPara que, movidos pela miseric\u00f3rdia do Senhor, \r\nRespondam com generosidade \u00e0 sua voca\u00e7\u00e3o \r\nNo cumprimento da vontade e do amor de Deus.<\/pre>\n<pre style=\"padding-left: 30px;\">Maria, Senhora mais brilhante que o Sol, \r\nImagem da Igreja revestida da luz Pascal, \r\nM\u00e3e do Evangelho Vivente e M\u00e3e da Igreja: \r\nIntercedei por todos os Sacerdotes a Deus Pai \r\nPara que sejam homens de Deus e arautos da f\u00e9 \r\nE fi\u00e9is no seu minist\u00e9rio sejam servos de todos, \r\nPastores fortalecidos no cora\u00e7\u00e3o de Cristo, Bom Pastor.<\/pre>\n","protected":false},"excerpt":{"rendered":"<p>&nbsp; A tarefa das voca\u00e7\u00f5es diz respeito a toda a Igreja, a todas as institui\u00e7\u00f5es, a todos os organismos, a toda a sociedade. Todos somos chamados a cultivar uma cultura vocacional em toda a Diocese e em cada uma das nossas comunidades crist\u00e3s e tem de ser transversal a toda a pastoral diocesana. A pastoral [&hellip;]<\/p>\n","protected":false},"author":1,"featured_media":4856,"comment_status":"open","ping_status":"closed","sticky":false,"template":"","format":"standard","meta":{"ngg_post_thumbnail":0},"categories":[1,4,2,6,19],"tags":[],"_links":{"self":[{"href":"http:\/\/paroquiagloria.org\/v2\/index.php?rest_route=\/wp\/v2\/posts\/4879"}],"collection":[{"href":"http:\/\/paroquiagloria.org\/v2\/index.php?rest_route=\/wp\/v2\/posts"}],"about":[{"href":"http:\/\/paroquiagloria.org\/v2\/index.php?rest_route=\/wp\/v2\/types\/post"}],"author":[{"embeddable":true,"href":"http:\/\/paroquiagloria.org\/v2\/index.php?rest_route=\/wp\/v2\/users\/1"}],"replies":[{"embeddable":true,"href":"http:\/\/paroquiagloria.org\/v2\/index.php?rest_route=%2Fwp%2Fv2%2Fcomments&post=4879"}],"version-history":[{"count":1,"href":"http:\/\/paroquiagloria.org\/v2\/index.php?rest_route=\/wp\/v2\/posts\/4879\/revisions"}],"predecessor-version":[{"id":4880,"href":"http:\/\/paroquiagloria.org\/v2\/index.php?rest_route=\/wp\/v2\/posts\/4879\/revisions\/4880"}],"wp:featuredmedia":[{"embeddable":true,"href":"http:\/\/paroquiagloria.org\/v2\/index.php?rest_route=\/wp\/v2\/media\/4856"}],"wp:attachment":[{"href":"http:\/\/paroquiagloria.org\/v2\/index.php?rest_route=%2Fwp%2Fv2%2Fmedia&parent=4879"}],"wp:term":[{"taxonomy":"category","embeddable":true,"href":"http:\/\/paroquiagloria.org\/v2\/index.php?rest_route=%2Fwp%2Fv2%2Fcategories&post=4879"},{"taxonomy":"post_tag","embeddable":true,"href":"http:\/\/paroquiagloria.org\/v2\/index.php?rest_route=%2Fwp%2Fv2%2Ftags&post=4879"}],"curies":[{"name":"wp","href":"https:\/\/api.w.org\/{rel}","templated":true}]}}