{"id":4854,"date":"2016-10-29T18:35:00","date_gmt":"2016-10-29T18:35:00","guid":{"rendered":"http:\/\/paroquiagloria.org\/v2\/?p=4854"},"modified":"2016-10-29T18:35:00","modified_gmt":"2016-10-29T18:35:00","slug":"semana-dos-seminarios","status":"publish","type":"post","link":"http:\/\/paroquiagloria.org\/v2\/?p=4854","title":{"rendered":"Semana dos Semin\u00e1rios"},"content":{"rendered":"<h5>6 a 13 de Novembro&#8217;16<\/h5>\n<p><a href=\"http:\/\/paroquiagloria.org\/v2\/wp-content\/uploads\/2016\/10\/posterSDSPrint-724x1024.jpg\"><img loading=\"lazy\" class=\"alignnone size-large wp-image-4855\" src=\"http:\/\/paroquiagloria.org\/v2\/wp-content\/uploads\/2016\/10\/posterSDSPrint-724x1024-724x1024.jpg\" alt=\"postersdsprint-724x1024\" width=\"724\" height=\"1024\" srcset=\"http:\/\/paroquiagloria.org\/v2\/wp-content\/uploads\/2016\/10\/posterSDSPrint-724x1024.jpg 724w, http:\/\/paroquiagloria.org\/v2\/wp-content\/uploads\/2016\/10\/posterSDSPrint-724x1024-212x300.jpg 212w\" sizes=\"(max-width: 724px) 100vw, 724px\" \/><\/a><\/p>\n<p style=\"text-align: justify;\">De 6 a 13 de Novembro decorre a Semana dos Semin\u00e1rios com o lema <span style=\"text-decoration: underline;\"><strong>&#8220;Movidos pela miseric\u00f3rdia de Deus&#8221;<\/strong><\/span>. No contexto desta semana, o arciprestado de \u00cdlhavo ir\u00e1 promover um F\u00f3rum Vocacional, no domingo, dia 13, em Schoenstatt, \u00e0s 15h, aberto a toda a diocese. Ser\u00e1 sobretudo um tempo de partilha e testemunhos de algumas pessoas nas suas respostas vocacionais. Encerrar\u00e1 com a eucaristia presidida pelo bispo diocesano, \u00e0s 17h, no Santu\u00e1rio de Schoenstatt.<br \/>\nAl\u00e9m da partilha econ\u00f3mica com o nosso Semin\u00e1rio (ser\u00e3o distribu\u00eddos os envelopes para o efeito), somos todos convidados a tomar consci\u00eancia da voca\u00e7\u00e3o sacerdotal e, ao mesmo tempo, a sentirmo-nos correspons\u00e1veis na promo\u00e7\u00e3o da cultura vocacional.<\/p>\n<p style=\"text-align: justify;\">\n","protected":false},"excerpt":{"rendered":"<p>6 a 13 de Novembro&#8217;16 De 6 a 13 de Novembro decorre a Semana dos Semin\u00e1rios com o lema &#8220;Movidos pela miseric\u00f3rdia de Deus&#8221;. No contexto desta semana, o arciprestado de \u00cdlhavo ir\u00e1 promover um F\u00f3rum Vocacional, no domingo, dia 13, em Schoenstatt, \u00e0s 15h, aberto a toda a diocese. Ser\u00e1 sobretudo um tempo de [&hellip;]<\/p>\n","protected":false},"author":1,"featured_media":4856,"comment_status":"open","ping_status":"closed","sticky":false,"template":"","format":"standard","meta":{"ngg_post_thumbnail":0},"categories":[1,4,2,6,19],"tags":[],"_links":{"self":[{"href":"http:\/\/paroquiagloria.org\/v2\/index.php?rest_route=\/wp\/v2\/posts\/4854"}],"collection":[{"href":"http:\/\/paroquiagloria.org\/v2\/index.php?rest_route=\/wp\/v2\/posts"}],"about":[{"href":"http:\/\/paroquiagloria.org\/v2\/index.php?rest_route=\/wp\/v2\/types\/post"}],"author":[{"embeddable":true,"href":"http:\/\/paroquiagloria.org\/v2\/index.php?rest_route=\/wp\/v2\/users\/1"}],"replies":[{"embeddable":true,"href":"http:\/\/paroquiagloria.org\/v2\/index.php?rest_route=%2Fwp%2Fv2%2Fcomments&post=4854"}],"version-history":[{"count":1,"href":"http:\/\/paroquiagloria.org\/v2\/index.php?rest_route=\/wp\/v2\/posts\/4854\/revisions"}],"predecessor-version":[{"id":4857,"href":"http:\/\/paroquiagloria.org\/v2\/index.php?rest_route=\/wp\/v2\/posts\/4854\/revisions\/4857"}],"wp:featuredmedia":[{"embeddable":true,"href":"http:\/\/paroquiagloria.org\/v2\/index.php?rest_route=\/wp\/v2\/media\/4856"}],"wp:attachment":[{"href":"http:\/\/paroquiagloria.org\/v2\/index.php?rest_route=%2Fwp%2Fv2%2Fmedia&parent=4854"}],"wp:term":[{"taxonomy":"category","embeddable":true,"href":"http:\/\/paroquiagloria.org\/v2\/index.php?rest_route=%2Fwp%2Fv2%2Fcategories&post=4854"},{"taxonomy":"post_tag","embeddable":true,"href":"http:\/\/paroquiagloria.org\/v2\/index.php?rest_route=%2Fwp%2Fv2%2Ftags&post=4854"}],"curies":[{"name":"wp","href":"https:\/\/api.w.org\/{rel}","templated":true}]}}