{"id":4843,"date":"2016-10-29T18:26:04","date_gmt":"2016-10-29T18:26:04","guid":{"rendered":"http:\/\/paroquiagloria.org\/v2\/?p=4843"},"modified":"2016-10-29T18:27:00","modified_gmt":"2016-10-29T18:27:00","slug":"todos-os-santos-retomando-se-este-ano-o-feriado-nacional-no-dia-de-todos-os-santos-e-fieis-defuntos","status":"publish","type":"post","link":"http:\/\/paroquiagloria.org\/v2\/?p=4843","title":{"rendered":"Todos os Santos e Fi\u00e9is Defuntos"},"content":{"rendered":"<p><a href=\"http:\/\/paroquiagloria.org\/v2\/wp-content\/uploads\/2016\/10\/fieisdefuntos2016.jpg\"><img loading=\"lazy\" class=\"alignnone size-full wp-image-4818\" src=\"http:\/\/paroquiagloria.org\/v2\/wp-content\/uploads\/2016\/10\/fieisdefuntos2016.jpg\" alt=\"fieisdefuntos2016\" width=\"687\" height=\"718\" srcset=\"http:\/\/paroquiagloria.org\/v2\/wp-content\/uploads\/2016\/10\/fieisdefuntos2016.jpg 687w, http:\/\/paroquiagloria.org\/v2\/wp-content\/uploads\/2016\/10\/fieisdefuntos2016-287x300.jpg 287w\" sizes=\"(max-width: 687px) 100vw, 687px\" \/><\/a><\/p>\n<p>Retomando-se, este ano o feriado nacional no dia de Todos os Santos informamos desde j\u00e1 que as seguintes celebra\u00e7\u00f5es:<br \/>\n<strong>&#8211; dia 1:<\/strong><br \/>\n\u2022 Missas nos hor\u00e1rios habituais de domingo<br \/>\n\u2022 Celebra\u00e7\u00e3o da Palavra nos Cemit\u00e9rios Central e Sul, \u00e0s 16h<br \/>\n<strong>&#8211; dia 2:<\/strong><br \/>\n\u2022 Missa na S\u00e9, \u00e0s 8h30<br \/>\n\u2022 Missa presidida pelo Sr. Bispo no Cemit\u00e9rio Central, \u00e0s 10h30<br \/>\n\u2022 Missa no Cemit\u00e9rio Sul, \u00e0s 16h<br \/>\n\u2022 <span style=\"text-decoration: underline;\">N\u00e3o h\u00e1<\/span> missa \u00e0s 18h em Santiago<br \/>\n\u2022 Missa na S\u00e9, \u00e0s 19h<\/p>\n","protected":false},"excerpt":{"rendered":"<p>Retomando-se, este ano o feriado nacional no dia de Todos os Santos informamos desde j\u00e1 que as seguintes celebra\u00e7\u00f5es: &#8211; dia 1: \u2022 Missas nos hor\u00e1rios habituais de domingo \u2022 Celebra\u00e7\u00e3o da Palavra nos Cemit\u00e9rios Central e Sul, \u00e0s 16h &#8211; dia 2: \u2022 Missa na S\u00e9, \u00e0s 8h30 \u2022 Missa presidida pelo Sr. Bispo [&hellip;]<\/p>\n","protected":false},"author":1,"featured_media":4844,"comment_status":"open","ping_status":"closed","sticky":false,"template":"","format":"standard","meta":{"ngg_post_thumbnail":0},"categories":[1,4,2,6,19],"tags":[],"_links":{"self":[{"href":"http:\/\/paroquiagloria.org\/v2\/index.php?rest_route=\/wp\/v2\/posts\/4843"}],"collection":[{"href":"http:\/\/paroquiagloria.org\/v2\/index.php?rest_route=\/wp\/v2\/posts"}],"about":[{"href":"http:\/\/paroquiagloria.org\/v2\/index.php?rest_route=\/wp\/v2\/types\/post"}],"author":[{"embeddable":true,"href":"http:\/\/paroquiagloria.org\/v2\/index.php?rest_route=\/wp\/v2\/users\/1"}],"replies":[{"embeddable":true,"href":"http:\/\/paroquiagloria.org\/v2\/index.php?rest_route=%2Fwp%2Fv2%2Fcomments&post=4843"}],"version-history":[{"count":2,"href":"http:\/\/paroquiagloria.org\/v2\/index.php?rest_route=\/wp\/v2\/posts\/4843\/revisions"}],"predecessor-version":[{"id":4847,"href":"http:\/\/paroquiagloria.org\/v2\/index.php?rest_route=\/wp\/v2\/posts\/4843\/revisions\/4847"}],"wp:featuredmedia":[{"embeddable":true,"href":"http:\/\/paroquiagloria.org\/v2\/index.php?rest_route=\/wp\/v2\/media\/4844"}],"wp:attachment":[{"href":"http:\/\/paroquiagloria.org\/v2\/index.php?rest_route=%2Fwp%2Fv2%2Fmedia&parent=4843"}],"wp:term":[{"taxonomy":"category","embeddable":true,"href":"http:\/\/paroquiagloria.org\/v2\/index.php?rest_route=%2Fwp%2Fv2%2Fcategories&post=4843"},{"taxonomy":"post_tag","embeddable":true,"href":"http:\/\/paroquiagloria.org\/v2\/index.php?rest_route=%2Fwp%2Fv2%2Ftags&post=4843"}],"curies":[{"name":"wp","href":"https:\/\/api.w.org\/{rel}","templated":true}]}}