{"id":4841,"date":"2016-10-29T18:22:42","date_gmt":"2016-10-29T18:22:42","guid":{"rendered":"http:\/\/paroquiagloria.org\/v2\/?p=4841"},"modified":"2016-10-29T18:22:42","modified_gmt":"2016-10-29T18:22:42","slug":"jubileu-da-misericordia-4","status":"publish","type":"post","link":"http:\/\/paroquiagloria.org\/v2\/?p=4841","title":{"rendered":"Jubileu da Miseric\u00f3rdia"},"content":{"rendered":"<p style=\"text-align: center;\"><a href=\"http:\/\/paroquiagloria.org\/v2\/wp-content\/uploads\/2015\/12\/jubileumisericordiosa.jpg\"><img loading=\"lazy\" class=\"alignnone size-full wp-image-3933\" src=\"http:\/\/paroquiagloria.org\/v2\/wp-content\/uploads\/2015\/12\/jubileumisericordiosa.jpg\" alt=\"jubileumisericordiosa\" width=\"840\" height=\"540\" srcset=\"http:\/\/paroquiagloria.org\/v2\/wp-content\/uploads\/2015\/12\/jubileumisericordiosa.jpg 840w, http:\/\/paroquiagloria.org\/v2\/wp-content\/uploads\/2015\/12\/jubileumisericordiosa-300x193.jpg 300w\" sizes=\"(max-width: 840px) 100vw, 840px\" \/><\/a><\/p>\n<p>&nbsp;<\/p>\n<p style=\"text-align: justify;\">No domingo de Cristo Rei, dia 20 de Novembro, D. Ant\u00f3nio Moiteiro preside \u00e0 missa na S\u00e9, \u00e0s 19h, assinalando o encerramento do Ano Santo da Miseric\u00f3rdia.<br \/>\nPara preparar esta celebra\u00e7\u00e3o diocesana est\u00e3o marcados ensaios para os coros nos dias 8 e 15 de Novembro, \u00e0s 21h15, na S\u00e9.<br \/>\nAinda no contexto do encerramento deste Jubileu que o Papa Francisco convocou est\u00e1 marcado para o s\u00e1bado, dia 12, \u00e0s 21h30, um concerto, de coro e \u00f3rg\u00e3o de tubos, da responsabilidade da Comiss\u00e3o Diocesana da Cultura.<\/p>\n<p style=\"text-align: justify;\">\n<h3 style=\"text-align: justify;\">Programa Musical<\/h3>\n<p style=\"text-align: justify;\"><em><span style=\"color: #ff0000;\">[brevemente dispon\u00edvel]<\/span><\/em><\/p>\n","protected":false},"excerpt":{"rendered":"<p>&nbsp; No domingo de Cristo Rei, dia 20 de Novembro, D. Ant\u00f3nio Moiteiro preside \u00e0 missa na S\u00e9, \u00e0s 19h, assinalando o encerramento do Ano Santo da Miseric\u00f3rdia. Para preparar esta celebra\u00e7\u00e3o diocesana est\u00e3o marcados ensaios para os coros nos dias 8 e 15 de Novembro, \u00e0s 21h15, na S\u00e9. Ainda no contexto do encerramento [&hellip;]<\/p>\n","protected":false},"author":1,"featured_media":4118,"comment_status":"open","ping_status":"closed","sticky":false,"template":"","format":"standard","meta":{"ngg_post_thumbnail":0},"categories":[1,4,2,6,19],"tags":[],"_links":{"self":[{"href":"http:\/\/paroquiagloria.org\/v2\/index.php?rest_route=\/wp\/v2\/posts\/4841"}],"collection":[{"href":"http:\/\/paroquiagloria.org\/v2\/index.php?rest_route=\/wp\/v2\/posts"}],"about":[{"href":"http:\/\/paroquiagloria.org\/v2\/index.php?rest_route=\/wp\/v2\/types\/post"}],"author":[{"embeddable":true,"href":"http:\/\/paroquiagloria.org\/v2\/index.php?rest_route=\/wp\/v2\/users\/1"}],"replies":[{"embeddable":true,"href":"http:\/\/paroquiagloria.org\/v2\/index.php?rest_route=%2Fwp%2Fv2%2Fcomments&post=4841"}],"version-history":[{"count":1,"href":"http:\/\/paroquiagloria.org\/v2\/index.php?rest_route=\/wp\/v2\/posts\/4841\/revisions"}],"predecessor-version":[{"id":4842,"href":"http:\/\/paroquiagloria.org\/v2\/index.php?rest_route=\/wp\/v2\/posts\/4841\/revisions\/4842"}],"wp:featuredmedia":[{"embeddable":true,"href":"http:\/\/paroquiagloria.org\/v2\/index.php?rest_route=\/wp\/v2\/media\/4118"}],"wp:attachment":[{"href":"http:\/\/paroquiagloria.org\/v2\/index.php?rest_route=%2Fwp%2Fv2%2Fmedia&parent=4841"}],"wp:term":[{"taxonomy":"category","embeddable":true,"href":"http:\/\/paroquiagloria.org\/v2\/index.php?rest_route=%2Fwp%2Fv2%2Fcategories&post=4841"},{"taxonomy":"post_tag","embeddable":true,"href":"http:\/\/paroquiagloria.org\/v2\/index.php?rest_route=%2Fwp%2Fv2%2Ftags&post=4841"}],"curies":[{"name":"wp","href":"https:\/\/api.w.org\/{rel}","templated":true}]}}