{"id":4826,"date":"2016-10-23T10:52:46","date_gmt":"2016-10-23T10:52:46","guid":{"rendered":"http:\/\/paroquiagloria.org\/v2\/?p=4826"},"modified":"2016-10-23T10:52:46","modified_gmt":"2016-10-23T10:52:46","slug":"semana-nacional-da-educacao-crista","status":"publish","type":"post","link":"http:\/\/paroquiagloria.org\/v2\/?p=4826","title":{"rendered":"Semana Nacional da Educa\u00e7\u00e3o Crist\u00e3"},"content":{"rendered":"<p style=\"text-align: justify;\"><a href=\"http:\/\/paroquiagloria.org\/v2\/wp-content\/uploads\/2016\/10\/semana_nacionaledcrista2016.jpg\"><img loading=\"lazy\" class=\"alignnone size-full wp-image-4827\" src=\"http:\/\/paroquiagloria.org\/v2\/wp-content\/uploads\/2016\/10\/semana_nacionaledcrista2016.jpg\" alt=\"semana_nacionaledcrista2016\" width=\"595\" height=\"345\" srcset=\"http:\/\/paroquiagloria.org\/v2\/wp-content\/uploads\/2016\/10\/semana_nacionaledcrista2016.jpg 595w, http:\/\/paroquiagloria.org\/v2\/wp-content\/uploads\/2016\/10\/semana_nacionaledcrista2016-300x174.jpg 300w\" sizes=\"(max-width: 595px) 100vw, 595px\" \/><\/a><\/p>\n<p>&nbsp;<\/p>\n<p style=\"text-align: justify;\">A Igreja Cat\u00f3lica celebra at\u00e9 30 de outubro a Semana Nacional de Educa\u00e7\u00e3o Crist\u00e3 2016, propondo uma educa\u00e7\u00e3o &#8220;integral&#8221; para o &#8220;desenvolvimento harmonioso das pessoas&#8221;.<br \/>\n&#8220;A educa\u00e7\u00e3o integral \u00e9 essencial para promover o desenvolvimento harmonioso das pessoas e para alicer\u00e7ar a justi\u00e7a, a paz e o bem-estar das sociedades. Portanto, \u00e9 pela educa\u00e7\u00e3o que podemos preparar um futuro com esperan\u00e7a&#8221;, escreve a Comiss\u00e3o Episcopal da Educa\u00e7\u00e3o Crist\u00e3 e Doutrina da F\u00e9.<br \/>\nNa nota pastoral &#8216;<a href=\"http:\/\/paroquiagloria.org\/v2\/wp-content\/uploads\/2016\/10\/Educar-Propor-o-Caminho-para-uma-Vida-Plena.pdf\" target=\"_blank\">Educar &#8211; propor o caminho para uma vida plena<\/a>&#8216;, o organismo sublinha que educar \u00e9 &#8220;uma tarefa gratificante sem deixar de ser complexa e \u00e1rdua&#8221;.<\/p>\n","protected":false},"excerpt":{"rendered":"<p>&nbsp; A Igreja Cat\u00f3lica celebra at\u00e9 30 de outubro a Semana Nacional de Educa\u00e7\u00e3o Crist\u00e3 2016, propondo uma educa\u00e7\u00e3o &#8220;integral&#8221; para o &#8220;desenvolvimento harmonioso das pessoas&#8221;. &#8220;A educa\u00e7\u00e3o integral \u00e9 essencial para promover o desenvolvimento harmonioso das pessoas e para alicer\u00e7ar a justi\u00e7a, a paz e o bem-estar das sociedades. Portanto, \u00e9 pela educa\u00e7\u00e3o que [&hellip;]<\/p>\n","protected":false},"author":1,"featured_media":4829,"comment_status":"open","ping_status":"closed","sticky":false,"template":"","format":"standard","meta":{"ngg_post_thumbnail":0},"categories":[1,4,2,6,19],"tags":[],"_links":{"self":[{"href":"http:\/\/paroquiagloria.org\/v2\/index.php?rest_route=\/wp\/v2\/posts\/4826"}],"collection":[{"href":"http:\/\/paroquiagloria.org\/v2\/index.php?rest_route=\/wp\/v2\/posts"}],"about":[{"href":"http:\/\/paroquiagloria.org\/v2\/index.php?rest_route=\/wp\/v2\/types\/post"}],"author":[{"embeddable":true,"href":"http:\/\/paroquiagloria.org\/v2\/index.php?rest_route=\/wp\/v2\/users\/1"}],"replies":[{"embeddable":true,"href":"http:\/\/paroquiagloria.org\/v2\/index.php?rest_route=%2Fwp%2Fv2%2Fcomments&post=4826"}],"version-history":[{"count":1,"href":"http:\/\/paroquiagloria.org\/v2\/index.php?rest_route=\/wp\/v2\/posts\/4826\/revisions"}],"predecessor-version":[{"id":4831,"href":"http:\/\/paroquiagloria.org\/v2\/index.php?rest_route=\/wp\/v2\/posts\/4826\/revisions\/4831"}],"wp:featuredmedia":[{"embeddable":true,"href":"http:\/\/paroquiagloria.org\/v2\/index.php?rest_route=\/wp\/v2\/media\/4829"}],"wp:attachment":[{"href":"http:\/\/paroquiagloria.org\/v2\/index.php?rest_route=%2Fwp%2Fv2%2Fmedia&parent=4826"}],"wp:term":[{"taxonomy":"category","embeddable":true,"href":"http:\/\/paroquiagloria.org\/v2\/index.php?rest_route=%2Fwp%2Fv2%2Fcategories&post=4826"},{"taxonomy":"post_tag","embeddable":true,"href":"http:\/\/paroquiagloria.org\/v2\/index.php?rest_route=%2Fwp%2Fv2%2Ftags&post=4826"}],"curies":[{"name":"wp","href":"https:\/\/api.w.org\/{rel}","templated":true}]}}