{"id":4814,"date":"2016-10-23T10:27:33","date_gmt":"2016-10-23T10:27:33","guid":{"rendered":"http:\/\/paroquiagloria.org\/v2\/?p=4814"},"modified":"2016-10-23T10:27:33","modified_gmt":"2016-10-23T10:27:33","slug":"jubileu-da-misericordia-3","status":"publish","type":"post","link":"http:\/\/paroquiagloria.org\/v2\/?p=4814","title":{"rendered":"Jubileu da Miseric\u00f3rdia"},"content":{"rendered":"<p style=\"text-align: center;\"><a href=\"http:\/\/paroquiagloria.org\/v2\/wp-content\/uploads\/2016\/02\/jubileu_misericordia_igreja.jpg\"><img loading=\"lazy\" class=\"alignnone size-large wp-image-4117\" src=\"http:\/\/paroquiagloria.org\/v2\/wp-content\/uploads\/2016\/02\/jubileu_misericordia_igreja-1024x535.jpg\" alt=\"jubileu_misericordia_igreja\" width=\"1024\" height=\"535\" srcset=\"http:\/\/paroquiagloria.org\/v2\/wp-content\/uploads\/2016\/02\/jubileu_misericordia_igreja-1024x535.jpg 1024w, http:\/\/paroquiagloria.org\/v2\/wp-content\/uploads\/2016\/02\/jubileu_misericordia_igreja-300x157.jpg 300w, http:\/\/paroquiagloria.org\/v2\/wp-content\/uploads\/2016\/02\/jubileu_misericordia_igreja.jpg 1200w\" sizes=\"(max-width: 1024px) 100vw, 1024px\" \/><\/a><\/p>\n<p style=\"text-align: justify;\">No domingo de Cristo Rei, <strong>dia 20 de Novembro, D. Ant\u00f3nio Moiteiro preside \u00e0 missa na S\u00e9, \u00e0s 19h<\/strong>, assinalando o encerramento do Ano Santo da Miseric\u00f3rdia.<br \/>\nPara preparar esta celebra\u00e7\u00e3o diocesana est\u00e3o marcados ensaios para os coros nos dias <strong>8 e 15 de Novembro, \u00e0s 21h15, na S\u00e9<\/strong>.<br \/>\nAinda no contexto do encerramento deste Jubileu que o Papa Francisco convocou est\u00e1 marcado para o s\u00e1bado, <strong>dia 12, \u00e0s 21h30<\/strong>, um concerto, de coro e \u00f3rg\u00e3o de tubos, da responsabilidade da Comiss\u00e3o Diocesana da Cultura.<\/p>\n<p>&nbsp;<\/p>\n","protected":false},"excerpt":{"rendered":"<p>No domingo de Cristo Rei, dia 20 de Novembro, D. Ant\u00f3nio Moiteiro preside \u00e0 missa na S\u00e9, \u00e0s 19h, assinalando o encerramento do Ano Santo da Miseric\u00f3rdia. Para preparar esta celebra\u00e7\u00e3o diocesana est\u00e3o marcados ensaios para os coros nos dias 8 e 15 de Novembro, \u00e0s 21h15, na S\u00e9. Ainda no contexto do encerramento deste [&hellip;]<\/p>\n","protected":false},"author":1,"featured_media":4118,"comment_status":"open","ping_status":"closed","sticky":false,"template":"","format":"standard","meta":{"ngg_post_thumbnail":0},"categories":[1,4,2,6,19],"tags":[],"_links":{"self":[{"href":"http:\/\/paroquiagloria.org\/v2\/index.php?rest_route=\/wp\/v2\/posts\/4814"}],"collection":[{"href":"http:\/\/paroquiagloria.org\/v2\/index.php?rest_route=\/wp\/v2\/posts"}],"about":[{"href":"http:\/\/paroquiagloria.org\/v2\/index.php?rest_route=\/wp\/v2\/types\/post"}],"author":[{"embeddable":true,"href":"http:\/\/paroquiagloria.org\/v2\/index.php?rest_route=\/wp\/v2\/users\/1"}],"replies":[{"embeddable":true,"href":"http:\/\/paroquiagloria.org\/v2\/index.php?rest_route=%2Fwp%2Fv2%2Fcomments&post=4814"}],"version-history":[{"count":1,"href":"http:\/\/paroquiagloria.org\/v2\/index.php?rest_route=\/wp\/v2\/posts\/4814\/revisions"}],"predecessor-version":[{"id":4815,"href":"http:\/\/paroquiagloria.org\/v2\/index.php?rest_route=\/wp\/v2\/posts\/4814\/revisions\/4815"}],"wp:featuredmedia":[{"embeddable":true,"href":"http:\/\/paroquiagloria.org\/v2\/index.php?rest_route=\/wp\/v2\/media\/4118"}],"wp:attachment":[{"href":"http:\/\/paroquiagloria.org\/v2\/index.php?rest_route=%2Fwp%2Fv2%2Fmedia&parent=4814"}],"wp:term":[{"taxonomy":"category","embeddable":true,"href":"http:\/\/paroquiagloria.org\/v2\/index.php?rest_route=%2Fwp%2Fv2%2Fcategories&post=4814"},{"taxonomy":"post_tag","embeddable":true,"href":"http:\/\/paroquiagloria.org\/v2\/index.php?rest_route=%2Fwp%2Fv2%2Ftags&post=4814"}],"curies":[{"name":"wp","href":"https:\/\/api.w.org\/{rel}","templated":true}]}}