{"id":4787,"date":"2016-10-15T18:19:05","date_gmt":"2016-10-15T18:19:05","guid":{"rendered":"http:\/\/paroquiagloria.org\/v2\/?p=4787"},"modified":"2016-10-15T18:19:05","modified_gmt":"2016-10-15T18:19:05","slug":"todos-os-santos-e-fieis-defuntos-3","status":"publish","type":"post","link":"http:\/\/paroquiagloria.org\/v2\/?p=4787","title":{"rendered":"Todos os Santos e Fi\u00e9is Defuntos"},"content":{"rendered":"<p style=\"text-align: center;\"><a href=\"http:\/\/paroquiagloria.org\/v2\/wp-content\/uploads\/2016\/10\/todosossantos.jpg\"><img loading=\"lazy\" class=\"alignnone size-large wp-image-4789\" src=\"http:\/\/paroquiagloria.org\/v2\/wp-content\/uploads\/2016\/10\/todosossantos-768x1024.jpg\" alt=\"todosossantos\" width=\"768\" height=\"1024\" srcset=\"http:\/\/paroquiagloria.org\/v2\/wp-content\/uploads\/2016\/10\/todosossantos-768x1024.jpg 768w, http:\/\/paroquiagloria.org\/v2\/wp-content\/uploads\/2016\/10\/todosossantos-225x300.jpg 225w, http:\/\/paroquiagloria.org\/v2\/wp-content\/uploads\/2016\/10\/todosossantos.jpg 1200w\" sizes=\"(max-width: 768px) 100vw, 768px\" \/><\/a><\/p>\n<p>Retomando-se este ano o feriado nacional no dia de Todos os Santos, informamos desde j\u00e1 que as seguintes celebra\u00e7\u00f5es:<\/p>\n<p style=\"padding-left: 30px;\"><strong>&#8211; dia 1: <\/strong><\/p>\n<p style=\"padding-left: 60px;\">\u2022 Missas nos hor\u00e1rios habituais de domingo;<br \/>\n\u2022 Celebra\u00e7\u00e3o da Palavra nos Cemit\u00e9rios Central e Sul, \u00e0s 16h.<\/p>\n<p style=\"padding-left: 30px;\">\n<strong>&#8211; dia 2:<\/strong><\/p>\n<p style=\"padding-left: 30px;\"><em>N\u00e3o h\u00e1 missa \u00e0s 8h30 na S\u00e9<br \/>\n<\/em><\/p>\n<p style=\"padding-left: 60px;\">\u2022 Missa presidida pelo Sr. Bispo no Cemit\u00e9rio Central, \u00e0s 10h30;<br \/>\n\u2022 Missa no Cemit\u00e9rio Sul, \u00e0s 16h;<br \/>\n\u2022 Missa na S\u00e9, \u00e0s 19h.<\/p>\n","protected":false},"excerpt":{"rendered":"<p>Retomando-se este ano o feriado nacional no dia de Todos os Santos, informamos desde j\u00e1 que as seguintes celebra\u00e7\u00f5es: &#8211; dia 1: \u2022 Missas nos hor\u00e1rios habituais de domingo; \u2022 Celebra\u00e7\u00e3o da Palavra nos Cemit\u00e9rios Central e Sul, \u00e0s 16h. &#8211; dia 2: N\u00e3o h\u00e1 missa \u00e0s 8h30 na S\u00e9 \u2022 Missa presidida pelo Sr. [&hellip;]<\/p>\n","protected":false},"author":1,"featured_media":4788,"comment_status":"open","ping_status":"closed","sticky":false,"template":"","format":"standard","meta":{"ngg_post_thumbnail":0},"categories":[1,4,2,6,19],"tags":[],"_links":{"self":[{"href":"http:\/\/paroquiagloria.org\/v2\/index.php?rest_route=\/wp\/v2\/posts\/4787"}],"collection":[{"href":"http:\/\/paroquiagloria.org\/v2\/index.php?rest_route=\/wp\/v2\/posts"}],"about":[{"href":"http:\/\/paroquiagloria.org\/v2\/index.php?rest_route=\/wp\/v2\/types\/post"}],"author":[{"embeddable":true,"href":"http:\/\/paroquiagloria.org\/v2\/index.php?rest_route=\/wp\/v2\/users\/1"}],"replies":[{"embeddable":true,"href":"http:\/\/paroquiagloria.org\/v2\/index.php?rest_route=%2Fwp%2Fv2%2Fcomments&post=4787"}],"version-history":[{"count":1,"href":"http:\/\/paroquiagloria.org\/v2\/index.php?rest_route=\/wp\/v2\/posts\/4787\/revisions"}],"predecessor-version":[{"id":4790,"href":"http:\/\/paroquiagloria.org\/v2\/index.php?rest_route=\/wp\/v2\/posts\/4787\/revisions\/4790"}],"wp:featuredmedia":[{"embeddable":true,"href":"http:\/\/paroquiagloria.org\/v2\/index.php?rest_route=\/wp\/v2\/media\/4788"}],"wp:attachment":[{"href":"http:\/\/paroquiagloria.org\/v2\/index.php?rest_route=%2Fwp%2Fv2%2Fmedia&parent=4787"}],"wp:term":[{"taxonomy":"category","embeddable":true,"href":"http:\/\/paroquiagloria.org\/v2\/index.php?rest_route=%2Fwp%2Fv2%2Fcategories&post=4787"},{"taxonomy":"post_tag","embeddable":true,"href":"http:\/\/paroquiagloria.org\/v2\/index.php?rest_route=%2Fwp%2Fv2%2Ftags&post=4787"}],"curies":[{"name":"wp","href":"https:\/\/api.w.org\/{rel}","templated":true}]}}