{"id":4755,"date":"2016-10-08T21:54:34","date_gmt":"2016-10-08T21:54:34","guid":{"rendered":"http:\/\/paroquiagloria.org\/v2\/?p=4755"},"modified":"2016-10-08T21:54:34","modified_gmt":"2016-10-08T21:54:34","slug":"atencao-a-catequese-comeca","status":"publish","type":"post","link":"http:\/\/paroquiagloria.org\/v2\/?p=4755","title":{"rendered":"Aten\u00e7\u00e3o: a catequese come\u00e7a!"},"content":{"rendered":"<p style=\"text-align: center;\"><a href=\"http:\/\/paroquiagloria.org\/v2\/wp-content\/uploads\/2013\/02\/catequese.jpg\"><img loading=\"lazy\" class=\"alignnone size-full wp-image-4591\" src=\"http:\/\/paroquiagloria.org\/v2\/wp-content\/uploads\/2013\/02\/catequese.jpg\" alt=\"catequese\" width=\"401\" height=\"291\" srcset=\"http:\/\/paroquiagloria.org\/v2\/wp-content\/uploads\/2013\/02\/catequese.jpg 401w, http:\/\/paroquiagloria.org\/v2\/wp-content\/uploads\/2013\/02\/catequese-300x218.jpg 300w\" sizes=\"(max-width: 401px) 100vw, 401px\" \/><\/a><\/p>\n<p style=\"text-align: justify;\">Depois de uma alargada fase de inscri\u00e7\u00f5es e renova\u00e7\u00f5es a nossa catequese come\u00e7a esta semana. N\u00e3o h\u00e1 motivo para n\u00e3o come\u00e7armos bem este novo ano. A catequese \u00e9 o servi\u00e7o que a Par\u00f3quia disp\u00f5e para, em plena liga\u00e7\u00e3o aos pais, como principais educadores dos filhos, levar cada crian\u00e7a, adolescente ou jovem ao encontro com Jesus Cristo, nossa esperan\u00e7a e nossa alegria. Tamb\u00e9m para os adultos recome\u00e7a a catequese esta semana, ao passo que para os que se inscreveram para os sacramentos da inicia\u00e7\u00e3o crist\u00e3 o caminho come\u00e7a na ter\u00e7a-feira, dia 18. Sem catequistas n\u00e3o h\u00e1 catequese. Agradecendo o empenho de cada um, convocamos, desde j\u00e1, os catequistas para o seu Compromisso, que decorrer\u00e1 na missa com jovens do pr\u00f3ximo s\u00e1bado e na missa com crian\u00e7as do pr\u00f3ximo domingo.<\/p>\n<p>&nbsp;<\/p>\n","protected":false},"excerpt":{"rendered":"<p>Depois de uma alargada fase de inscri\u00e7\u00f5es e renova\u00e7\u00f5es a nossa catequese come\u00e7a esta semana. N\u00e3o h\u00e1 motivo para n\u00e3o come\u00e7armos bem este novo ano. A catequese \u00e9 o servi\u00e7o que a Par\u00f3quia disp\u00f5e para, em plena liga\u00e7\u00e3o aos pais, como principais educadores dos filhos, levar cada crian\u00e7a, adolescente ou jovem ao encontro com Jesus [&hellip;]<\/p>\n","protected":false},"author":1,"featured_media":4421,"comment_status":"open","ping_status":"closed","sticky":false,"template":"","format":"standard","meta":{"ngg_post_thumbnail":0},"categories":[1,4,2,6,19],"tags":[],"_links":{"self":[{"href":"http:\/\/paroquiagloria.org\/v2\/index.php?rest_route=\/wp\/v2\/posts\/4755"}],"collection":[{"href":"http:\/\/paroquiagloria.org\/v2\/index.php?rest_route=\/wp\/v2\/posts"}],"about":[{"href":"http:\/\/paroquiagloria.org\/v2\/index.php?rest_route=\/wp\/v2\/types\/post"}],"author":[{"embeddable":true,"href":"http:\/\/paroquiagloria.org\/v2\/index.php?rest_route=\/wp\/v2\/users\/1"}],"replies":[{"embeddable":true,"href":"http:\/\/paroquiagloria.org\/v2\/index.php?rest_route=%2Fwp%2Fv2%2Fcomments&post=4755"}],"version-history":[{"count":1,"href":"http:\/\/paroquiagloria.org\/v2\/index.php?rest_route=\/wp\/v2\/posts\/4755\/revisions"}],"predecessor-version":[{"id":4756,"href":"http:\/\/paroquiagloria.org\/v2\/index.php?rest_route=\/wp\/v2\/posts\/4755\/revisions\/4756"}],"wp:featuredmedia":[{"embeddable":true,"href":"http:\/\/paroquiagloria.org\/v2\/index.php?rest_route=\/wp\/v2\/media\/4421"}],"wp:attachment":[{"href":"http:\/\/paroquiagloria.org\/v2\/index.php?rest_route=%2Fwp%2Fv2%2Fmedia&parent=4755"}],"wp:term":[{"taxonomy":"category","embeddable":true,"href":"http:\/\/paroquiagloria.org\/v2\/index.php?rest_route=%2Fwp%2Fv2%2Fcategories&post=4755"},{"taxonomy":"post_tag","embeddable":true,"href":"http:\/\/paroquiagloria.org\/v2\/index.php?rest_route=%2Fwp%2Fv2%2Ftags&post=4755"}],"curies":[{"name":"wp","href":"https:\/\/api.w.org\/{rel}","templated":true}]}}