{"id":4711,"date":"2016-10-01T18:39:46","date_gmt":"2016-10-01T18:39:46","guid":{"rendered":"http:\/\/paroquiagloria.org\/v2\/?p=4711"},"modified":"2016-10-01T18:39:46","modified_gmt":"2016-10-01T18:39:46","slug":"aveiro-acolhe-forum-ecumenico-jovem","status":"publish","type":"post","link":"http:\/\/paroquiagloria.org\/v2\/?p=4711","title":{"rendered":"Aveiro acolhe F\u00f3rum Ecum\u00e9nico Jovem"},"content":{"rendered":"<p style=\"text-align: center;\"><a href=\"http:\/\/paroquiagloria.org\/v2\/wp-content\/uploads\/2016\/09\/FEJ2016_small.jpg\"><img loading=\"lazy\" class=\"alignnone size-large wp-image-4690\" src=\"http:\/\/paroquiagloria.org\/v2\/wp-content\/uploads\/2016\/09\/FEJ2016_small-723x1024.jpg\" alt=\"fej2016_small\" width=\"723\" height=\"1024\" srcset=\"http:\/\/paroquiagloria.org\/v2\/wp-content\/uploads\/2016\/09\/FEJ2016_small-723x1024.jpg 723w, http:\/\/paroquiagloria.org\/v2\/wp-content\/uploads\/2016\/09\/FEJ2016_small-212x300.jpg 212w, http:\/\/paroquiagloria.org\/v2\/wp-content\/uploads\/2016\/09\/FEJ2016_small.jpg 864w\" sizes=\"(max-width: 723px) 100vw, 723px\" \/><\/a><\/p>\n<p style=\"text-align: justify;\">A nossa Diocese de Aveiro acolhe este o F\u00f3rum Ecum\u00e9nico Jovem (FEJ). Esta iniciativa que j\u00e1 conta 18 edi\u00e7\u00f5es, realiza-se a 12 de Novembro, no Semin\u00e1rio de Santa Joana Princesa, e tem como tema &#8220;Dai-lhes v\u00f3s mesmos de comer&#8221;. Do programa do FEJ, que congrega jovens vindos de todo o pa\u00eds, constam um momento de acolhimento, uma exposi\u00e7\u00e3o b\u00edblica do tema, encontro de reflex\u00e3o em grupos, workshops e uma celebra\u00e7\u00e3o ecum\u00e9nica de encerramento. Os jovens n\u00e3o pagam inscri\u00e7\u00e3o, mas s\u00e3o convidados a trazer algo para partilhar com as Florinhas do Vouga. A organiza\u00e7\u00e3o \u00e9 da responsabilidade dos departamentos juvenis das Igrejas Cat\u00f3licas, Lusitana, Metodista e Presbiteriana.<\/p>\n<p>&nbsp;<\/p>\n","protected":false},"excerpt":{"rendered":"<p>A nossa Diocese de Aveiro acolhe este o F\u00f3rum Ecum\u00e9nico Jovem (FEJ). Esta iniciativa que j\u00e1 conta 18 edi\u00e7\u00f5es, realiza-se a 12 de Novembro, no Semin\u00e1rio de Santa Joana Princesa, e tem como tema &#8220;Dai-lhes v\u00f3s mesmos de comer&#8221;. Do programa do FEJ, que congrega jovens vindos de todo o pa\u00eds, constam um momento de [&hellip;]<\/p>\n","protected":false},"author":1,"featured_media":4691,"comment_status":"open","ping_status":"closed","sticky":false,"template":"","format":"standard","meta":{"ngg_post_thumbnail":0},"categories":[1,4,2,6,19],"tags":[],"_links":{"self":[{"href":"http:\/\/paroquiagloria.org\/v2\/index.php?rest_route=\/wp\/v2\/posts\/4711"}],"collection":[{"href":"http:\/\/paroquiagloria.org\/v2\/index.php?rest_route=\/wp\/v2\/posts"}],"about":[{"href":"http:\/\/paroquiagloria.org\/v2\/index.php?rest_route=\/wp\/v2\/types\/post"}],"author":[{"embeddable":true,"href":"http:\/\/paroquiagloria.org\/v2\/index.php?rest_route=\/wp\/v2\/users\/1"}],"replies":[{"embeddable":true,"href":"http:\/\/paroquiagloria.org\/v2\/index.php?rest_route=%2Fwp%2Fv2%2Fcomments&post=4711"}],"version-history":[{"count":1,"href":"http:\/\/paroquiagloria.org\/v2\/index.php?rest_route=\/wp\/v2\/posts\/4711\/revisions"}],"predecessor-version":[{"id":4712,"href":"http:\/\/paroquiagloria.org\/v2\/index.php?rest_route=\/wp\/v2\/posts\/4711\/revisions\/4712"}],"wp:featuredmedia":[{"embeddable":true,"href":"http:\/\/paroquiagloria.org\/v2\/index.php?rest_route=\/wp\/v2\/media\/4691"}],"wp:attachment":[{"href":"http:\/\/paroquiagloria.org\/v2\/index.php?rest_route=%2Fwp%2Fv2%2Fmedia&parent=4711"}],"wp:term":[{"taxonomy":"category","embeddable":true,"href":"http:\/\/paroquiagloria.org\/v2\/index.php?rest_route=%2Fwp%2Fv2%2Fcategories&post=4711"},{"taxonomy":"post_tag","embeddable":true,"href":"http:\/\/paroquiagloria.org\/v2\/index.php?rest_route=%2Fwp%2Fv2%2Ftags&post=4711"}],"curies":[{"name":"wp","href":"https:\/\/api.w.org\/{rel}","templated":true}]}}