{"id":4699,"date":"2016-09-23T18:12:53","date_gmt":"2016-09-23T18:12:53","guid":{"rendered":"http:\/\/paroquiagloria.org\/v2\/?p=4699"},"modified":"2016-09-23T18:13:07","modified_gmt":"2016-09-23T18:13:07","slug":"formacao-biblica-2","status":"publish","type":"post","link":"http:\/\/paroquiagloria.org\/v2\/?p=4699","title":{"rendered":"Forma\u00e7\u00e3o b\u00edblica"},"content":{"rendered":"<p><a href=\"http:\/\/paroquiagloria.org\/v2\/wp-content\/uploads\/2016\/01\/formacaoclero.jpg\"><img loading=\"lazy\" class=\"alignnone size-full wp-image-4052\" src=\"http:\/\/paroquiagloria.org\/v2\/wp-content\/uploads\/2016\/01\/formacaoclero.jpg\" alt=\"formacaoclero\" width=\"625\" height=\"225\" srcset=\"http:\/\/paroquiagloria.org\/v2\/wp-content\/uploads\/2016\/01\/formacaoclero.jpg 625w, http:\/\/paroquiagloria.org\/v2\/wp-content\/uploads\/2016\/01\/formacaoclero-300x108.jpg 300w\" sizes=\"(max-width: 625px) 100vw, 625px\" \/><\/a><\/p>\n<p>&nbsp;<\/p>\n<p style=\"text-align: justify;\">Ir\u00e1 decorrer uma forma\u00e7\u00e3o b\u00edblica intitulada &#8220;<strong>Introdu\u00e7\u00e3o \u00e0 leitura do Evangelho segundo\u00a0S. Mateus<\/strong>&#8220;, orientada pelo padre Franclim, e que decorrer\u00e1 no Semin\u00e1rio de Aveiro nos dias 6, 13 e 20 de Outubro, das 21h \u00e0s 22h30. Esta forma\u00e7\u00e3o \u00e9 aberta a todos os interessados, especialmente aos catequistas e leitores. Recorde-se que o Evangelho de S. Mateus \u00e9 o que ser\u00e1 lido no pr\u00f3ximo ano lit\u00fargico.<\/p>\n","protected":false},"excerpt":{"rendered":"<p>&nbsp; Ir\u00e1 decorrer uma forma\u00e7\u00e3o b\u00edblica intitulada &#8220;Introdu\u00e7\u00e3o \u00e0 leitura do Evangelho segundo\u00a0S. Mateus&#8220;, orientada pelo padre Franclim, e que decorrer\u00e1 no Semin\u00e1rio de Aveiro nos dias 6, 13 e 20 de Outubro, das 21h \u00e0s 22h30. Esta forma\u00e7\u00e3o \u00e9 aberta a todos os interessados, especialmente aos catequistas e leitores. Recorde-se que o Evangelho de [&hellip;]<\/p>\n","protected":false},"author":1,"featured_media":4055,"comment_status":"open","ping_status":"closed","sticky":false,"template":"","format":"standard","meta":{"ngg_post_thumbnail":0},"categories":[1,4,2,6,19],"tags":[],"_links":{"self":[{"href":"http:\/\/paroquiagloria.org\/v2\/index.php?rest_route=\/wp\/v2\/posts\/4699"}],"collection":[{"href":"http:\/\/paroquiagloria.org\/v2\/index.php?rest_route=\/wp\/v2\/posts"}],"about":[{"href":"http:\/\/paroquiagloria.org\/v2\/index.php?rest_route=\/wp\/v2\/types\/post"}],"author":[{"embeddable":true,"href":"http:\/\/paroquiagloria.org\/v2\/index.php?rest_route=\/wp\/v2\/users\/1"}],"replies":[{"embeddable":true,"href":"http:\/\/paroquiagloria.org\/v2\/index.php?rest_route=%2Fwp%2Fv2%2Fcomments&post=4699"}],"version-history":[{"count":2,"href":"http:\/\/paroquiagloria.org\/v2\/index.php?rest_route=\/wp\/v2\/posts\/4699\/revisions"}],"predecessor-version":[{"id":4701,"href":"http:\/\/paroquiagloria.org\/v2\/index.php?rest_route=\/wp\/v2\/posts\/4699\/revisions\/4701"}],"wp:featuredmedia":[{"embeddable":true,"href":"http:\/\/paroquiagloria.org\/v2\/index.php?rest_route=\/wp\/v2\/media\/4055"}],"wp:attachment":[{"href":"http:\/\/paroquiagloria.org\/v2\/index.php?rest_route=%2Fwp%2Fv2%2Fmedia&parent=4699"}],"wp:term":[{"taxonomy":"category","embeddable":true,"href":"http:\/\/paroquiagloria.org\/v2\/index.php?rest_route=%2Fwp%2Fv2%2Fcategories&post=4699"},{"taxonomy":"post_tag","embeddable":true,"href":"http:\/\/paroquiagloria.org\/v2\/index.php?rest_route=%2Fwp%2Fv2%2Ftags&post=4699"}],"curies":[{"name":"wp","href":"https:\/\/api.w.org\/{rel}","templated":true}]}}