{"id":4697,"date":"2016-09-23T18:10:20","date_gmt":"2016-09-23T18:10:20","guid":{"rendered":"http:\/\/paroquiagloria.org\/v2\/?p=4697"},"modified":"2016-09-23T18:10:20","modified_gmt":"2016-09-23T18:10:20","slug":"jesus-cristo-o-rosto-da-esperanca-e-a-nossa-alegria","status":"publish","type":"post","link":"http:\/\/paroquiagloria.org\/v2\/?p=4697","title":{"rendered":"Jesus Cristo, o rosto da esperan\u00e7a, \u00e9 a nossa alegria!"},"content":{"rendered":"<h4>Novo Ano Pastoral<\/h4>\n<p><a href=\"http:\/\/paroquiagloria.org\/v2\/wp-content\/uploads\/2013\/02\/porta_misericordia.jpg\"><img loading=\"lazy\" class=\"alignnone size-full wp-image-4107\" src=\"http:\/\/paroquiagloria.org\/v2\/wp-content\/uploads\/2013\/02\/porta_misericordia.jpg\" alt=\"porta_misericordia\" width=\"718\" height=\"960\" srcset=\"http:\/\/paroquiagloria.org\/v2\/wp-content\/uploads\/2013\/02\/porta_misericordia.jpg 718w, http:\/\/paroquiagloria.org\/v2\/wp-content\/uploads\/2013\/02\/porta_misericordia-224x300.jpg 224w\" sizes=\"(max-width: 718px) 100vw, 718px\" \/><\/a><\/p>\n<p>&nbsp;<\/p>\n<p style=\"text-align: justify;\">Decorreu a primeira reuni\u00e3o do Conselho Pastoral deste ano, marcada desde logo por alguns ajustes nos membros conselheiros, em virtude de mudan\u00e7as operadas em diversos grupos. Os conselheiros refletiram e partilharam ideias, a partir de um documento de trabalho previamente enviado, sobre as linhas ou trilhos que podem servir de base \u00e0 ac\u00e7\u00e3o pastoral de conjunto. As diferentes a\u00e7\u00f5es eclesiais, os grupos, movimentos e servi\u00e7os paroquiais continuar\u00e3o agora a reflex\u00e3o que leve a uma calendariza\u00e7\u00e3o que procure concretizar o lema &#8220;Jesus, o rosto da esperan\u00e7a, \u00e9 a nossa alegria&#8221;. Daqui resultam alguns sonhos pastorais, que, desde j\u00e1, confiamos a Nossa Senhora: levar Jesus Cristo, o rosto da esperan\u00e7a, ao cora\u00e7\u00e3o das pessoas e das fam\u00edlias; celebrar festivamente Jesus Cristo, o rosto da esperan\u00e7a, para a Igreja e para a Humanidade e Partilhar Jesus Cristo, p\u00e3o repartido, para a vida do mundo.<br \/>\nA pr\u00f3xima reuni\u00e3o do Conselho ficou marcada para 24 de Outubro.<\/p>\n<p style=\"text-align: justify;\">\n<h5 style=\"text-align: justify;\">Abertura do ano na Diocese<\/h5>\n<pre style=\"text-align: justify;\">A nossa diocese inicia o ano pastoral, o segundo do tri\u00e9nio 2015-2018, \r\nno dia 8 de Outubro, com uma Assembleia Diocesana, \r\nna qual ser\u00e1 apresentado o programa pastoral para o pr\u00f3ximo ano. \r\nDecorrer\u00e1 no Semin\u00e1rio de Aveiro a partir das 9h30, \r\ne segundo informa\u00e7\u00e3o do novo coordenador da Pastoral Diocesana, \r\n\u00e9 aberta a todos os agentes de pastoral.<\/pre>\n","protected":false},"excerpt":{"rendered":"<p>Novo Ano Pastoral &nbsp; Decorreu a primeira reuni\u00e3o do Conselho Pastoral deste ano, marcada desde logo por alguns ajustes nos membros conselheiros, em virtude de mudan\u00e7as operadas em diversos grupos. Os conselheiros refletiram e partilharam ideias, a partir de um documento de trabalho previamente enviado, sobre as linhas ou trilhos que podem servir de base [&hellip;]<\/p>\n","protected":false},"author":1,"featured_media":3719,"comment_status":"open","ping_status":"closed","sticky":false,"template":"","format":"standard","meta":{"ngg_post_thumbnail":0},"categories":[1,4,2,6,19],"tags":[],"_links":{"self":[{"href":"http:\/\/paroquiagloria.org\/v2\/index.php?rest_route=\/wp\/v2\/posts\/4697"}],"collection":[{"href":"http:\/\/paroquiagloria.org\/v2\/index.php?rest_route=\/wp\/v2\/posts"}],"about":[{"href":"http:\/\/paroquiagloria.org\/v2\/index.php?rest_route=\/wp\/v2\/types\/post"}],"author":[{"embeddable":true,"href":"http:\/\/paroquiagloria.org\/v2\/index.php?rest_route=\/wp\/v2\/users\/1"}],"replies":[{"embeddable":true,"href":"http:\/\/paroquiagloria.org\/v2\/index.php?rest_route=%2Fwp%2Fv2%2Fcomments&post=4697"}],"version-history":[{"count":1,"href":"http:\/\/paroquiagloria.org\/v2\/index.php?rest_route=\/wp\/v2\/posts\/4697\/revisions"}],"predecessor-version":[{"id":4698,"href":"http:\/\/paroquiagloria.org\/v2\/index.php?rest_route=\/wp\/v2\/posts\/4697\/revisions\/4698"}],"wp:featuredmedia":[{"embeddable":true,"href":"http:\/\/paroquiagloria.org\/v2\/index.php?rest_route=\/wp\/v2\/media\/3719"}],"wp:attachment":[{"href":"http:\/\/paroquiagloria.org\/v2\/index.php?rest_route=%2Fwp%2Fv2%2Fmedia&parent=4697"}],"wp:term":[{"taxonomy":"category","embeddable":true,"href":"http:\/\/paroquiagloria.org\/v2\/index.php?rest_route=%2Fwp%2Fv2%2Fcategories&post=4697"},{"taxonomy":"post_tag","embeddable":true,"href":"http:\/\/paroquiagloria.org\/v2\/index.php?rest_route=%2Fwp%2Fv2%2Ftags&post=4697"}],"curies":[{"name":"wp","href":"https:\/\/api.w.org\/{rel}","templated":true}]}}