{"id":4659,"date":"2016-09-18T10:01:45","date_gmt":"2016-09-18T10:01:45","guid":{"rendered":"http:\/\/paroquiagloria.org\/v2\/?p=4659"},"modified":"2016-09-18T10:01:45","modified_gmt":"2016-09-18T10:01:45","slug":"com-maria-mae-e-caminho-da-esperanca","status":"publish","type":"post","link":"http:\/\/paroquiagloria.org\/v2\/?p=4659","title":{"rendered":"Com Maria, M\u00e3e e Caminho da Esperan\u00e7a"},"content":{"rendered":"<p style=\"text-align: right;\"><em>24 de Setembro<\/em><\/p>\n<p style=\"text-align: justify;\">No pr\u00f3ximo s\u00e1bado, para afirmar a nossa condi\u00e7\u00e3o de peregrinos e para confiar a Nossa Senhora o novo ano pastoral, teremos a nossa peregrina\u00e7\u00e3o paroquial ao Santu\u00e1rio Mariano em Vagos.<br \/>\nNesse dia n\u00e3o teremos qualquer missa vespertina na par\u00f3quia.<br \/>\nOs grupos a p\u00e9, de bicicleta ou de carro ser\u00e3o enviados da S\u00e9. Todavia, segue aqui uma proposta de ora\u00e7\u00e3o para a partida e para o caminho destinada \u00e0queles que n\u00e3o vierem \u00e0 S\u00e9.<\/p>\n<p><a href=\"http:\/\/paroquiagloria.org\/v2\/wp-content\/uploads\/2016\/07\/Banner_santuarioVagos.jpg\"><img loading=\"lazy\" class=\"alignnone size-full wp-image-4597\" src=\"http:\/\/paroquiagloria.org\/v2\/wp-content\/uploads\/2016\/07\/Banner_santuarioVagos.jpg\" alt=\"Banner_santuarioVagos\" width=\"960\" height=\"450\" srcset=\"http:\/\/paroquiagloria.org\/v2\/wp-content\/uploads\/2016\/07\/Banner_santuarioVagos.jpg 960w, http:\/\/paroquiagloria.org\/v2\/wp-content\/uploads\/2016\/07\/Banner_santuarioVagos-300x141.jpg 300w\" sizes=\"(max-width: 960px) 100vw, 960px\" \/><\/a><\/p>\n<p><span style=\"text-decoration: underline;\"><strong>Programa<\/strong><\/span>:<\/p>\n<p style=\"padding-left: 30px;\"><strong>08h00<\/strong> envio do grupo a p\u00e9<br \/>\n<strong>09h30<\/strong> envio do grupo de bicicleta<br \/>\n<strong>10h00<\/strong> envio do grupo de carro<br \/>\n<strong>11h00<\/strong> Festa do Acolhimento<br \/>\n<strong>12h30<\/strong> Almo\u00e7o (\u00e9 necess\u00e1rio levar farnel)<br \/>\n<strong>14h00<\/strong> Sonhar juntos (Assembleia Paroquial)<br \/>\n<strong>15h30<\/strong> Prepara\u00e7\u00e3o da Eucaristia<br \/>\n<strong>16h00<\/strong> Eucaristia com envio<\/p>\n<h4>\nOra\u00e7\u00e3o do Peregrino<\/h4>\n<p><em><strong>(para rezar no in\u00edcio do caminho)<\/strong><\/em><\/p>\n<p style=\"padding-left: 30px;\">Senhor Jesus,<br \/>\npedimos-Te que sejas:<br \/>\nCompanheiro do caminho,<br \/>\nAlento no cansa\u00e7o,<br \/>\nDefesa nos perigos,<br \/>\nSombra no calor,<br \/>\nLuz na escurid\u00e3o,<br \/>\nAlegria da tristeza,<br \/>\nE firmeza nos prop\u00f3sitos.<br \/>\nAssim, caminharemos em paz<br \/>\nE enriquecidos pela tua gra\u00e7a<br \/>\nTestemunharemos com a vida<br \/>\nA salva\u00e7\u00e3o que de Ti nos vem.<\/p>\n<p style=\"padding-left: 30px;\"><em>Gl\u00f3ria ao Pai e ao Filho e ao Esp\u00edrito Santo.<\/em><br \/>\n<em>Como era no princ\u00edpio agora e sempre. Amen.<\/em><\/p>\n<p style=\"padding-left: 30px;\">\n<h4>ORA\u00c7\u00c3O NO CAMINHO.<\/h4>\n<p><em><strong>Salmo da Miseric\u00f3rdia (103)<\/strong><\/em><\/p>\n<p style=\"padding-left: 30px;\">Bendiz, \u00f3 minha alma, o SENHOR,<br \/>\ne todo o meu ser louve o seu nome santo.<br \/>\nBendiz, \u00f3 minha alma, o SENHOR,<br \/>\ne n\u00e3o esque\u00e7as nenhum dos seus benef\u00edcios.<br \/>\n\u00c9 Ele quem perdoa as tuas culpas<br \/>\ne cura todas as tuas enfermidades.<br \/>\n\u00c9 Ele quem resgata a tua vida do t\u00famulo<br \/>\ne te enche de gra\u00e7a e de ternura.<br \/>\n\u00c9 Ele quem cumula de bens a tua exist\u00eancia<br \/>\ne te rejuvenesce como a \u00e1guia.<br \/>\nO SENHOR defende, com justi\u00e7a,<br \/>\no direito de todos os oprimidos.<br \/>\nRevelou os seus caminhos a Mois\u00e9s<br \/>\ne as suas maravilhas aos filhos de Israel.<br \/>\nO SENHOR \u00e9 misericordioso e compassivo,<br \/>\n\u00e9 paciente e cheio de amor.<br \/>\nN\u00e3o est\u00e1 sempre a repreender-nos,<br \/>\nnem a sua ira dura para sempre.<br \/>\nN\u00e3o nos tratou segundo os nossos pecados,<br \/>\nnem nos castigou segundo as nossas culpas.<br \/>\nComo um pai se compadece dos filhos,<br \/>\nassim o SENHOR se compadece dos que o temem.<br \/>\nNa verdade, Ele sabe de que somos formados;<br \/>\nn\u00e3o se esquece de que somos p\u00f3 da terra.<br \/>\nMas o amor do SENHOR \u00e9 eterno<br \/>\npara os que o temem<br \/>\ne a sua justi\u00e7a chega at\u00e9 aos filhos dos seus filhos,<br \/>\npara os que guardam a sua alian\u00e7a<br \/>\ne se lembram de cumprir os seus preceitos.<\/p>\n<p>&nbsp;<\/p>\n","protected":false},"excerpt":{"rendered":"<p>24 de Setembro No pr\u00f3ximo s\u00e1bado, para afirmar a nossa condi\u00e7\u00e3o de peregrinos e para confiar a Nossa Senhora o novo ano pastoral, teremos a nossa peregrina\u00e7\u00e3o paroquial ao Santu\u00e1rio Mariano em Vagos. Nesse dia n\u00e3o teremos qualquer missa vespertina na par\u00f3quia. Os grupos a p\u00e9, de bicicleta ou de carro ser\u00e3o enviados da S\u00e9. [&hellip;]<\/p>\n","protected":false},"author":1,"featured_media":4597,"comment_status":"open","ping_status":"closed","sticky":false,"template":"","format":"standard","meta":{"ngg_post_thumbnail":0},"categories":[1,4,2,6,19],"tags":[],"_links":{"self":[{"href":"http:\/\/paroquiagloria.org\/v2\/index.php?rest_route=\/wp\/v2\/posts\/4659"}],"collection":[{"href":"http:\/\/paroquiagloria.org\/v2\/index.php?rest_route=\/wp\/v2\/posts"}],"about":[{"href":"http:\/\/paroquiagloria.org\/v2\/index.php?rest_route=\/wp\/v2\/types\/post"}],"author":[{"embeddable":true,"href":"http:\/\/paroquiagloria.org\/v2\/index.php?rest_route=\/wp\/v2\/users\/1"}],"replies":[{"embeddable":true,"href":"http:\/\/paroquiagloria.org\/v2\/index.php?rest_route=%2Fwp%2Fv2%2Fcomments&post=4659"}],"version-history":[{"count":1,"href":"http:\/\/paroquiagloria.org\/v2\/index.php?rest_route=\/wp\/v2\/posts\/4659\/revisions"}],"predecessor-version":[{"id":4660,"href":"http:\/\/paroquiagloria.org\/v2\/index.php?rest_route=\/wp\/v2\/posts\/4659\/revisions\/4660"}],"wp:featuredmedia":[{"embeddable":true,"href":"http:\/\/paroquiagloria.org\/v2\/index.php?rest_route=\/wp\/v2\/media\/4597"}],"wp:attachment":[{"href":"http:\/\/paroquiagloria.org\/v2\/index.php?rest_route=%2Fwp%2Fv2%2Fmedia&parent=4659"}],"wp:term":[{"taxonomy":"category","embeddable":true,"href":"http:\/\/paroquiagloria.org\/v2\/index.php?rest_route=%2Fwp%2Fv2%2Fcategories&post=4659"},{"taxonomy":"post_tag","embeddable":true,"href":"http:\/\/paroquiagloria.org\/v2\/index.php?rest_route=%2Fwp%2Fv2%2Ftags&post=4659"}],"curies":[{"name":"wp","href":"https:\/\/api.w.org\/{rel}","templated":true}]}}