{"id":4645,"date":"2016-09-10T17:40:47","date_gmt":"2016-09-10T17:40:47","guid":{"rendered":"http:\/\/paroquiagloria.org\/v2\/?p=4645"},"modified":"2016-09-10T17:47:49","modified_gmt":"2016-09-10T17:47:49","slug":"catequese-paroquial-2016-2017","status":"publish","type":"post","link":"http:\/\/paroquiagloria.org\/v2\/?p=4645","title":{"rendered":"\u00bb  Catequese Paroquial 2016-2017  \u00ab"},"content":{"rendered":"<p style=\"text-align: justify;\"><a href=\"http:\/\/paroquiagloria.org\/v2\/wp-content\/uploads\/2016\/05\/banner_catequese.jpg\"><img loading=\"lazy\" class=\"alignnone size-full wp-image-4421\" src=\"http:\/\/paroquiagloria.org\/v2\/wp-content\/uploads\/2016\/05\/banner_catequese.jpg\" alt=\"banner_catequese\" width=\"960\" height=\"450\" srcset=\"http:\/\/paroquiagloria.org\/v2\/wp-content\/uploads\/2016\/05\/banner_catequese.jpg 960w, http:\/\/paroquiagloria.org\/v2\/wp-content\/uploads\/2016\/05\/banner_catequese-300x141.jpg 300w\" sizes=\"(max-width: 960px) 100vw, 960px\" \/><\/a><\/p>\n<p style=\"text-align: justify;\">A catequese paroquial inicia nos grupos entre os <strong>dias 10 e 15 de Outubro<\/strong>.<br \/>\nAo n\u00edvel da catequese da Inf\u00e2ncia j\u00e1 s\u00e3o conhecidos os hor\u00e1rios dos encontros. Assim, no <span style=\"text-decoration: underline;\">centro paroquial<\/span>, s\u00e3o estes:<\/p>\n<p style=\"text-align: justify; padding-left: 30px;\"><strong>1.\u00ba ano:<\/strong> quarta-feira, <em>16h30<\/em><\/p>\n<p style=\"text-align: justify; padding-left: 30px;\"><strong>2.\u00ba ano:<\/strong> ter\u00e7a-feira, <em>16h30<\/em><\/p>\n<p style=\"text-align: justify; padding-left: 90px;\">S\u00e1bado, <em>11h<\/em><\/p>\n<p style=\"text-align: justify; padding-left: 30px;\"><strong>3.\u00ba ano:<\/strong> segunda-feira, <em>16h30<\/em><\/p>\n<p style=\"text-align: justify; padding-left: 90px;\">S\u00e1bado, <em>11h<\/em><\/p>\n<p style=\"text-align: justify; padding-left: 30px;\"><strong>4.\u00ba ano:<\/strong> quinta-feira, <em>16h30<\/em><\/p>\n<p style=\"text-align: justify; padding-left: 90px;\">S\u00e1bado, <em>11h<\/em><\/p>\n<p style=\"text-align: justify;\">Em <span style=\"text-decoration: underline;\"><strong>Santiago<\/strong><\/span>, tamb\u00e9m haver\u00e1 catequese, \u00e0s <em>18h30<\/em>, para os tr\u00eas primeiros anos:<\/p>\n<p style=\"text-align: justify; padding-left: 30px;\"><strong>1.\u00ba ano:<\/strong> sexta-feira<br \/>\n<strong>2.\u00ba ano:<\/strong> quinta-feira<br \/>\n<strong>3.\u00ba ano:<\/strong> segunda-feira<\/p>\n<p style=\"text-align: justify;\">Os hor\u00e1rios da <span style=\"text-decoration: underline;\">catequese do 5.\u00ba ano em diante<\/span> ficar\u00e3o definidos esta semana, e no pr\u00f3ximo Di\u00e1logo j\u00e1 informaremos.<br \/>\nPedimos aos pais ou encarregados de educa\u00e7\u00e3o que a inscri\u00e7\u00e3o ou renova\u00e7\u00e3o seja feita quanto antes. S\u00e3o muitas as crian\u00e7as, adolescentes e jovens que frequentaram a catequese no ano passado e ainda n\u00e3o est\u00e3o inscritas para este ano.<br \/>\nA <span style=\"text-decoration: underline;\">Catequese de adultos<\/span> para pessoas que tendo j\u00e1 celebrado os sacramentos da inicia\u00e7\u00e3o crist\u00e3 desejem aprofundar a f\u00e9 ir\u00e1 iniciar no dia <strong>11 de Outubro, \u00e0s 21h30,<\/strong> no centro paroquial, em encontros quinzenais.<br \/>\nA <span style=\"text-decoration: underline;\">prepara\u00e7\u00e3o de Adultos<\/span> para os sacramentos da inicia\u00e7\u00e3o arranca no dia <strong>18 de Outubro, \u00e0s 21h30<\/strong>.<br \/>\nPara estas propostas destinadas a adultos est\u00e3o abertas as inscri\u00e7\u00f5es que podem ser feitas no cart\u00f3rio paroquial.<\/p>\n<h4 style=\"text-align: justify;\"><\/h4>\n<h4 style=\"text-align: justify;\">Catequistas em forma\u00e7\u00e3o:<\/h4>\n<p style=\"text-align: justify;\">Entretanto realizaremos dois encontros de forma\u00e7\u00e3o b\u00e1sica e inicial para os catequistas (em duas quartas-feiras (<strong>14 e 21 de Setembro<\/strong>) ou em dois s\u00e1bados (<strong>1 e 8 de Outubro<\/strong>), durante a tarde). Tamb\u00e9m desafiamos \u00e0 participa\u00e7\u00e3o num mega encontro de forma\u00e7\u00e3o promovido pelos <strong>Salesianos, no dia 5 de Outubro, no Porto<\/strong>, no qual j\u00e1 inscrevemos uma d\u00fazia de participantes na edi\u00e7\u00e3o deste ano.<\/p>\n","protected":false},"excerpt":{"rendered":"<p>A catequese paroquial inicia nos grupos entre os dias 10 e 15 de Outubro. Ao n\u00edvel da catequese da Inf\u00e2ncia j\u00e1 s\u00e3o conhecidos os hor\u00e1rios dos encontros. Assim, no centro paroquial, s\u00e3o estes: 1.\u00ba ano: quarta-feira, 16h30 2.\u00ba ano: ter\u00e7a-feira, 16h30 S\u00e1bado, 11h 3.\u00ba ano: segunda-feira, 16h30 S\u00e1bado, 11h 4.\u00ba ano: quinta-feira, 16h30 S\u00e1bado, 11h [&hellip;]<\/p>\n","protected":false},"author":1,"featured_media":4646,"comment_status":"open","ping_status":"closed","sticky":false,"template":"","format":"standard","meta":{"ngg_post_thumbnail":0},"categories":[1,4,2,6,19],"tags":[],"_links":{"self":[{"href":"http:\/\/paroquiagloria.org\/v2\/index.php?rest_route=\/wp\/v2\/posts\/4645"}],"collection":[{"href":"http:\/\/paroquiagloria.org\/v2\/index.php?rest_route=\/wp\/v2\/posts"}],"about":[{"href":"http:\/\/paroquiagloria.org\/v2\/index.php?rest_route=\/wp\/v2\/types\/post"}],"author":[{"embeddable":true,"href":"http:\/\/paroquiagloria.org\/v2\/index.php?rest_route=\/wp\/v2\/users\/1"}],"replies":[{"embeddable":true,"href":"http:\/\/paroquiagloria.org\/v2\/index.php?rest_route=%2Fwp%2Fv2%2Fcomments&post=4645"}],"version-history":[{"count":2,"href":"http:\/\/paroquiagloria.org\/v2\/index.php?rest_route=\/wp\/v2\/posts\/4645\/revisions"}],"predecessor-version":[{"id":4648,"href":"http:\/\/paroquiagloria.org\/v2\/index.php?rest_route=\/wp\/v2\/posts\/4645\/revisions\/4648"}],"wp:featuredmedia":[{"embeddable":true,"href":"http:\/\/paroquiagloria.org\/v2\/index.php?rest_route=\/wp\/v2\/media\/4646"}],"wp:attachment":[{"href":"http:\/\/paroquiagloria.org\/v2\/index.php?rest_route=%2Fwp%2Fv2%2Fmedia&parent=4645"}],"wp:term":[{"taxonomy":"category","embeddable":true,"href":"http:\/\/paroquiagloria.org\/v2\/index.php?rest_route=%2Fwp%2Fv2%2Fcategories&post=4645"},{"taxonomy":"post_tag","embeddable":true,"href":"http:\/\/paroquiagloria.org\/v2\/index.php?rest_route=%2Fwp%2Fv2%2Ftags&post=4645"}],"curies":[{"name":"wp","href":"https:\/\/api.w.org\/{rel}","templated":true}]}}