{"id":4642,"date":"2016-09-10T17:35:41","date_gmt":"2016-09-10T17:35:41","guid":{"rendered":"http:\/\/paroquiagloria.org\/v2\/?p=4642"},"modified":"2016-09-10T17:35:41","modified_gmt":"2016-09-10T17:35:41","slug":"peregrinar-e-a-nossa-condicao","status":"publish","type":"post","link":"http:\/\/paroquiagloria.org\/v2\/?p=4642","title":{"rendered":"Peregrinar \u00e9 a nossa condi\u00e7\u00e3o"},"content":{"rendered":"<p style=\"text-align: right;\"><em>24 de Setembro<\/em><\/p>\n<p style=\"text-align: justify;\"><a href=\"http:\/\/paroquiagloria.org\/v2\/wp-content\/uploads\/2016\/07\/IgsantuarioVagos.jpg\"><img loading=\"lazy\" class=\"alignnone size-large wp-image-4598\" src=\"http:\/\/paroquiagloria.org\/v2\/wp-content\/uploads\/2016\/07\/IgsantuarioVagos-1024x768.jpg\" alt=\"IgsantuarioVagos\" width=\"1024\" height=\"768\" srcset=\"http:\/\/paroquiagloria.org\/v2\/wp-content\/uploads\/2016\/07\/IgsantuarioVagos-1024x768.jpg 1024w, http:\/\/paroquiagloria.org\/v2\/wp-content\/uploads\/2016\/07\/IgsantuarioVagos-300x225.jpg 300w, http:\/\/paroquiagloria.org\/v2\/wp-content\/uploads\/2016\/07\/IgsantuarioVagos.jpg 1700w\" sizes=\"(max-width: 1024px) 100vw, 1024px\" \/><\/a><\/p>\n<p style=\"text-align: justify;\">A peregrina\u00e7\u00e3o pode ser uma imagem da condi\u00e7\u00e3o humana. Somos peregrinos e quem faz o exerc\u00edcio sagrado da peregrina\u00e7\u00e3o proclama \u00edntima e socialmente a sua condi\u00e7\u00e3o de caminhante sobre a terra.<br \/>\nRecordar essa nossa condi\u00e7\u00e3o pode ser a motiva\u00e7\u00e3o suficiente para a participa\u00e7\u00e3o na <span style=\"text-decoration: underline;\"><strong>peregrina\u00e7\u00e3o paroquial ao Santu\u00e1rio de Nossa Senhora, em Vagos, que realizaremos no s\u00e1bado, dia 24.<\/strong> <\/span><br \/>\nAl\u00e9m disso, no in\u00edcio de um novo ano, confiar o nosso programa pastoral a Maria, que nos ensina a fazer a vontade de seu Filho, reveste-se de uma singular beleza e simbolismo pelo que significa de reconhecimento da nossa humildade e da nossa fragilidade: que podemos sem o Senhor? Ao mesmo tempo, neste gesto de confiar a Nossa Senhora o nosso programa vai a disposi\u00e7\u00e3o pessoal e comunit\u00e1ria de vivermos o que o Esp\u00edrito de Deus nos inspira em cada tempo. Permita Deus que os agentes de pastoral da comunidade (educa\u00e7\u00e3o crist\u00e3, liturgia, ac\u00e7\u00e3o social, movimentos, associa\u00e7\u00f5es de fi\u00e9is e grupos de apostolado, comunidades religiosas) marquem presen\u00e7a nesta peregrina\u00e7\u00e3o que \u00e9 aberta \u00e0 participa\u00e7\u00e3o de todos. Pedimos apenas que nos indiquem a participa\u00e7\u00e3o e de que modo o pretendem fazer (a p\u00e9, de bicicleta ou de carro), para uma melhor organiza\u00e7\u00e3o.<br \/>\nNeste dia, com <em><strong>Maria, M\u00e3e e Caminho de Esperan\u00e7a<\/strong><\/em>, teremos este programa:<\/p>\n<p style=\"padding-left: 30px;\"><strong>Partida<\/strong> (junto \u00e0 S\u00e9)<\/p>\n<p style=\"padding-left: 60px;\"><strong>08h00 &#8211;<\/strong> grupo a p\u00e9<br \/>\n<strong>09h30 &#8211;<\/strong> grupo de bicicleta<br \/>\n<strong>10h00 &#8211;<\/strong> grupo de carro\/autocarro<\/p>\n<p style=\"padding-left: 30px;\"><strong>11h00 &#8211;<\/strong> Festa do Acolhimento<br \/>\n<strong>12h30 &#8211;<\/strong> Almo\u00e7o<br \/>\n<strong>14h00 &#8211;<\/strong> Trabalho por grupos e Plen\u00e1rio (Assembleia Paroquial)<br \/>\n<strong>15h30 &#8211;<\/strong> Prepara\u00e7\u00e3o da Eucaristia<br \/>\n<strong>16h00 &#8211;<\/strong> Eucaristia com envio<\/p>\n","protected":false},"excerpt":{"rendered":"<p>24 de Setembro A peregrina\u00e7\u00e3o pode ser uma imagem da condi\u00e7\u00e3o humana. Somos peregrinos e quem faz o exerc\u00edcio sagrado da peregrina\u00e7\u00e3o proclama \u00edntima e socialmente a sua condi\u00e7\u00e3o de caminhante sobre a terra. Recordar essa nossa condi\u00e7\u00e3o pode ser a motiva\u00e7\u00e3o suficiente para a participa\u00e7\u00e3o na peregrina\u00e7\u00e3o paroquial ao Santu\u00e1rio de Nossa Senhora, em [&hellip;]<\/p>\n","protected":false},"author":1,"featured_media":4597,"comment_status":"open","ping_status":"closed","sticky":false,"template":"","format":"standard","meta":{"ngg_post_thumbnail":0},"categories":[1,4,2,6,19],"tags":[],"_links":{"self":[{"href":"http:\/\/paroquiagloria.org\/v2\/index.php?rest_route=\/wp\/v2\/posts\/4642"}],"collection":[{"href":"http:\/\/paroquiagloria.org\/v2\/index.php?rest_route=\/wp\/v2\/posts"}],"about":[{"href":"http:\/\/paroquiagloria.org\/v2\/index.php?rest_route=\/wp\/v2\/types\/post"}],"author":[{"embeddable":true,"href":"http:\/\/paroquiagloria.org\/v2\/index.php?rest_route=\/wp\/v2\/users\/1"}],"replies":[{"embeddable":true,"href":"http:\/\/paroquiagloria.org\/v2\/index.php?rest_route=%2Fwp%2Fv2%2Fcomments&post=4642"}],"version-history":[{"count":1,"href":"http:\/\/paroquiagloria.org\/v2\/index.php?rest_route=\/wp\/v2\/posts\/4642\/revisions"}],"predecessor-version":[{"id":4643,"href":"http:\/\/paroquiagloria.org\/v2\/index.php?rest_route=\/wp\/v2\/posts\/4642\/revisions\/4643"}],"wp:featuredmedia":[{"embeddable":true,"href":"http:\/\/paroquiagloria.org\/v2\/index.php?rest_route=\/wp\/v2\/media\/4597"}],"wp:attachment":[{"href":"http:\/\/paroquiagloria.org\/v2\/index.php?rest_route=%2Fwp%2Fv2%2Fmedia&parent=4642"}],"wp:term":[{"taxonomy":"category","embeddable":true,"href":"http:\/\/paroquiagloria.org\/v2\/index.php?rest_route=%2Fwp%2Fv2%2Fcategories&post=4642"},{"taxonomy":"post_tag","embeddable":true,"href":"http:\/\/paroquiagloria.org\/v2\/index.php?rest_route=%2Fwp%2Fv2%2Ftags&post=4642"}],"curies":[{"name":"wp","href":"https:\/\/api.w.org\/{rel}","templated":true}]}}