{"id":4640,"date":"2016-09-10T17:32:29","date_gmt":"2016-09-10T17:32:29","guid":{"rendered":"http:\/\/paroquiagloria.org\/v2\/?p=4640"},"modified":"2016-09-10T17:36:21","modified_gmt":"2016-09-10T17:36:21","slug":"outras-noticias-do-3","status":"publish","type":"post","link":"http:\/\/paroquiagloria.org\/v2\/?p=4640","title":{"rendered":"Outras not\u00edcias do&#8230;"},"content":{"rendered":"<p><a href=\"http:\/\/paroquiagloria.org\/v2\/wp-content\/uploads\/2013\/02\/dialogo1366.jpg\"><img loading=\"lazy\" class=\"alignnone size-full wp-image-266\" src=\"http:\/\/paroquiagloria.org\/v2\/wp-content\/uploads\/2013\/02\/dialogo1366.jpg\" alt=\"dialogo1366\" width=\"962\" height=\"432\" srcset=\"http:\/\/paroquiagloria.org\/v2\/wp-content\/uploads\/2013\/02\/dialogo1366.jpg 962w, http:\/\/paroquiagloria.org\/v2\/wp-content\/uploads\/2013\/02\/dialogo1366-300x134.jpg 300w\" sizes=\"(max-width: 962px) 100vw, 962px\" \/><\/a><\/p>\n<p>&nbsp;<\/p>\n<h4 style=\"text-align: justify;\">B\u00ean\u00e7\u00e3o dos estudantes<\/h4>\n<p style=\"text-align: justify;\">Convidamos os estudantes da nossa par\u00f3quia que este ano ingressam no Ensino Superior a marcarem presen\u00e7a no dia 17, \u00e0s 19h, na S\u00e9, para a Missa com a B\u00ean\u00e7\u00e3o do Estudante.<\/p>\n<h4 style=\"text-align: justify;\">Actividades para chefes<\/h4>\n<p style=\"text-align: justify;\">No pr\u00f3ximo fim de semana os nossos dois agrupamentos de escuteiros realizam actividades de programa\u00e7\u00e3o com caminheiros e chefes. O agrupamento 191-Aveiro realiza sua a actividade de 16 a 18, em Alombada, que inclui a elei\u00e7\u00e3o do novo chefe de agrupamento.<br \/>\nO agrupamento 794-Vilar realiza o ACACHECA no pr\u00f3ximo s\u00e1bado e domingo.<\/p>\n","protected":false},"excerpt":{"rendered":"<p>&nbsp; B\u00ean\u00e7\u00e3o dos estudantes Convidamos os estudantes da nossa par\u00f3quia que este ano ingressam no Ensino Superior a marcarem presen\u00e7a no dia 17, \u00e0s 19h, na S\u00e9, para a Missa com a B\u00ean\u00e7\u00e3o do Estudante. Actividades para chefes No pr\u00f3ximo fim de semana os nossos dois agrupamentos de escuteiros realizam actividades de programa\u00e7\u00e3o com caminheiros [&hellip;]<\/p>\n","protected":false},"author":1,"featured_media":2957,"comment_status":"open","ping_status":"closed","sticky":false,"template":"","format":"standard","meta":{"ngg_post_thumbnail":0},"categories":[1,4,2,6,19],"tags":[],"_links":{"self":[{"href":"http:\/\/paroquiagloria.org\/v2\/index.php?rest_route=\/wp\/v2\/posts\/4640"}],"collection":[{"href":"http:\/\/paroquiagloria.org\/v2\/index.php?rest_route=\/wp\/v2\/posts"}],"about":[{"href":"http:\/\/paroquiagloria.org\/v2\/index.php?rest_route=\/wp\/v2\/types\/post"}],"author":[{"embeddable":true,"href":"http:\/\/paroquiagloria.org\/v2\/index.php?rest_route=\/wp\/v2\/users\/1"}],"replies":[{"embeddable":true,"href":"http:\/\/paroquiagloria.org\/v2\/index.php?rest_route=%2Fwp%2Fv2%2Fcomments&post=4640"}],"version-history":[{"count":2,"href":"http:\/\/paroquiagloria.org\/v2\/index.php?rest_route=\/wp\/v2\/posts\/4640\/revisions"}],"predecessor-version":[{"id":4644,"href":"http:\/\/paroquiagloria.org\/v2\/index.php?rest_route=\/wp\/v2\/posts\/4640\/revisions\/4644"}],"wp:featuredmedia":[{"embeddable":true,"href":"http:\/\/paroquiagloria.org\/v2\/index.php?rest_route=\/wp\/v2\/media\/2957"}],"wp:attachment":[{"href":"http:\/\/paroquiagloria.org\/v2\/index.php?rest_route=%2Fwp%2Fv2%2Fmedia&parent=4640"}],"wp:term":[{"taxonomy":"category","embeddable":true,"href":"http:\/\/paroquiagloria.org\/v2\/index.php?rest_route=%2Fwp%2Fv2%2Fcategories&post=4640"},{"taxonomy":"post_tag","embeddable":true,"href":"http:\/\/paroquiagloria.org\/v2\/index.php?rest_route=%2Fwp%2Fv2%2Ftags&post=4640"}],"curies":[{"name":"wp","href":"https:\/\/api.w.org\/{rel}","templated":true}]}}