{"id":4573,"date":"2016-07-02T17:57:51","date_gmt":"2016-07-02T17:57:51","guid":{"rendered":"http:\/\/paroquiagloria.org\/v2\/?p=4573"},"modified":"2016-07-02T17:57:51","modified_gmt":"2016-07-02T17:57:51","slug":"tres-anos-do-orgao-de-tubos","status":"publish","type":"post","link":"http:\/\/paroquiagloria.org\/v2\/?p=4573","title":{"rendered":"Tr\u00eas anos  do \u00f3rg\u00e3o de tubos"},"content":{"rendered":"<p><a href=\"http:\/\/paroquiagloria.org\/v2\/wp-content\/uploads\/2013\/06\/2013.07.12-_orgao.jpg\"><img loading=\"lazy\" class=\"alignnone size-full wp-image-1389\" src=\"http:\/\/paroquiagloria.org\/v2\/wp-content\/uploads\/2013\/06\/2013.07.12-_orgao.jpg\" alt=\"2013.07.12 _orgao\" width=\"960\" height=\"334\" srcset=\"http:\/\/paroquiagloria.org\/v2\/wp-content\/uploads\/2013\/06\/2013.07.12-_orgao.jpg 960w, http:\/\/paroquiagloria.org\/v2\/wp-content\/uploads\/2013\/06\/2013.07.12-_orgao-300x104.jpg 300w\" sizes=\"(max-width: 960px) 100vw, 960px\" \/><\/a><\/p>\n<p>No pr\u00f3ximo dia 12, passam 3 anos desde a b\u00ean\u00e7\u00e3o e inaugura\u00e7\u00e3o do \u00f3rg\u00e3o de tubos da nossa igreja. Para assinalar esta data teremos na S\u00e9, \u00e0s 21h30, com entrada livre um concerto de \u00f3rg\u00e3o e trompete com a participa\u00e7\u00e3o do Coro Nossa Senhora da Gl\u00f3ria.<br \/>\nNo \u00f3rg\u00e3o de tubos estar\u00e1 o Ricardo Toste e no trompete o Pedro Tavares. Ser\u00e3o executadas pe\u00e7as de J. S. Bach, D. Buxtehude, G. P.Telemann, G.F. Haendel, A. Cartageno, F. Lapa e H. Botor.<\/p>\n","protected":false},"excerpt":{"rendered":"<p>No pr\u00f3ximo dia 12, passam 3 anos desde a b\u00ean\u00e7\u00e3o e inaugura\u00e7\u00e3o do \u00f3rg\u00e3o de tubos da nossa igreja. Para assinalar esta data teremos na S\u00e9, \u00e0s 21h30, com entrada livre um concerto de \u00f3rg\u00e3o e trompete com a participa\u00e7\u00e3o do Coro Nossa Senhora da Gl\u00f3ria. No \u00f3rg\u00e3o de tubos estar\u00e1 o Ricardo Toste e [&hellip;]<\/p>\n","protected":false},"author":1,"featured_media":4574,"comment_status":"open","ping_status":"closed","sticky":false,"template":"","format":"standard","meta":{"ngg_post_thumbnail":0},"categories":[1,4,2,6,18],"tags":[],"_links":{"self":[{"href":"http:\/\/paroquiagloria.org\/v2\/index.php?rest_route=\/wp\/v2\/posts\/4573"}],"collection":[{"href":"http:\/\/paroquiagloria.org\/v2\/index.php?rest_route=\/wp\/v2\/posts"}],"about":[{"href":"http:\/\/paroquiagloria.org\/v2\/index.php?rest_route=\/wp\/v2\/types\/post"}],"author":[{"embeddable":true,"href":"http:\/\/paroquiagloria.org\/v2\/index.php?rest_route=\/wp\/v2\/users\/1"}],"replies":[{"embeddable":true,"href":"http:\/\/paroquiagloria.org\/v2\/index.php?rest_route=%2Fwp%2Fv2%2Fcomments&post=4573"}],"version-history":[{"count":1,"href":"http:\/\/paroquiagloria.org\/v2\/index.php?rest_route=\/wp\/v2\/posts\/4573\/revisions"}],"predecessor-version":[{"id":4575,"href":"http:\/\/paroquiagloria.org\/v2\/index.php?rest_route=\/wp\/v2\/posts\/4573\/revisions\/4575"}],"wp:featuredmedia":[{"embeddable":true,"href":"http:\/\/paroquiagloria.org\/v2\/index.php?rest_route=\/wp\/v2\/media\/4574"}],"wp:attachment":[{"href":"http:\/\/paroquiagloria.org\/v2\/index.php?rest_route=%2Fwp%2Fv2%2Fmedia&parent=4573"}],"wp:term":[{"taxonomy":"category","embeddable":true,"href":"http:\/\/paroquiagloria.org\/v2\/index.php?rest_route=%2Fwp%2Fv2%2Fcategories&post=4573"},{"taxonomy":"post_tag","embeddable":true,"href":"http:\/\/paroquiagloria.org\/v2\/index.php?rest_route=%2Fwp%2Fv2%2Ftags&post=4573"}],"curies":[{"name":"wp","href":"https:\/\/api.w.org\/{rel}","templated":true}]}}