{"id":4556,"date":"2016-06-25T16:16:39","date_gmt":"2016-06-25T16:16:39","guid":{"rendered":"http:\/\/paroquiagloria.org\/v2\/?p=4556"},"modified":"2016-06-25T16:16:39","modified_gmt":"2016-06-25T16:16:39","slug":"conselho-pastoral-3","status":"publish","type":"post","link":"http:\/\/paroquiagloria.org\/v2\/?p=4556","title":{"rendered":"Conselho Pastoral"},"content":{"rendered":"<p style=\"text-align: center;\"><a href=\"http:\/\/paroquiagloria.org\/v2\/wp-content\/uploads\/2013\/01\/CPP.jpg\"><img loading=\"lazy\" class=\"alignnone size-full wp-image-637\" src=\"http:\/\/paroquiagloria.org\/v2\/wp-content\/uploads\/2013\/01\/CPP.jpg\" alt=\"CPP\" width=\"400\" height=\"274\" srcset=\"http:\/\/paroquiagloria.org\/v2\/wp-content\/uploads\/2013\/01\/CPP.jpg 400w, http:\/\/paroquiagloria.org\/v2\/wp-content\/uploads\/2013\/01\/CPP-300x205.jpg 300w\" sizes=\"(max-width: 400px) 100vw, 400px\" \/><\/a><\/p>\n<p>&nbsp;<\/p>\n<p>Esta segunda-feira, re\u00fane o Conselho Pastoral Paroquial para a \u00faltima sess\u00e3o ordin\u00e1ria deste ano pastoral. Servir\u00e1, portanto, para fazer a avalia\u00e7\u00e3o do ano 2015-2016 a partir dos objectivos e das ac\u00e7\u00f5es que program\u00e1mos, para que no futuro n\u00e3o caiamos na rotina ou mera repeti\u00e7\u00e3o. A programa\u00e7\u00e3o da peregrina\u00e7\u00e3o paroquial no princ\u00edpio do pr\u00f3ximo ano pastoral tamb\u00e9m \u00e9 um assunto da nossa agenda.<\/p>\n","protected":false},"excerpt":{"rendered":"<p>&nbsp; Esta segunda-feira, re\u00fane o Conselho Pastoral Paroquial para a \u00faltima sess\u00e3o ordin\u00e1ria deste ano pastoral. Servir\u00e1, portanto, para fazer a avalia\u00e7\u00e3o do ano 2015-2016 a partir dos objectivos e das ac\u00e7\u00f5es que program\u00e1mos, para que no futuro n\u00e3o caiamos na rotina ou mera repeti\u00e7\u00e3o. A programa\u00e7\u00e3o da peregrina\u00e7\u00e3o paroquial no princ\u00edpio do pr\u00f3ximo ano [&hellip;]<\/p>\n","protected":false},"author":1,"featured_media":4310,"comment_status":"open","ping_status":"closed","sticky":false,"template":"","format":"standard","meta":{"ngg_post_thumbnail":0},"categories":[1,4,2,6,18],"tags":[],"_links":{"self":[{"href":"http:\/\/paroquiagloria.org\/v2\/index.php?rest_route=\/wp\/v2\/posts\/4556"}],"collection":[{"href":"http:\/\/paroquiagloria.org\/v2\/index.php?rest_route=\/wp\/v2\/posts"}],"about":[{"href":"http:\/\/paroquiagloria.org\/v2\/index.php?rest_route=\/wp\/v2\/types\/post"}],"author":[{"embeddable":true,"href":"http:\/\/paroquiagloria.org\/v2\/index.php?rest_route=\/wp\/v2\/users\/1"}],"replies":[{"embeddable":true,"href":"http:\/\/paroquiagloria.org\/v2\/index.php?rest_route=%2Fwp%2Fv2%2Fcomments&post=4556"}],"version-history":[{"count":1,"href":"http:\/\/paroquiagloria.org\/v2\/index.php?rest_route=\/wp\/v2\/posts\/4556\/revisions"}],"predecessor-version":[{"id":4557,"href":"http:\/\/paroquiagloria.org\/v2\/index.php?rest_route=\/wp\/v2\/posts\/4556\/revisions\/4557"}],"wp:featuredmedia":[{"embeddable":true,"href":"http:\/\/paroquiagloria.org\/v2\/index.php?rest_route=\/wp\/v2\/media\/4310"}],"wp:attachment":[{"href":"http:\/\/paroquiagloria.org\/v2\/index.php?rest_route=%2Fwp%2Fv2%2Fmedia&parent=4556"}],"wp:term":[{"taxonomy":"category","embeddable":true,"href":"http:\/\/paroquiagloria.org\/v2\/index.php?rest_route=%2Fwp%2Fv2%2Fcategories&post=4556"},{"taxonomy":"post_tag","embeddable":true,"href":"http:\/\/paroquiagloria.org\/v2\/index.php?rest_route=%2Fwp%2Fv2%2Ftags&post=4556"}],"curies":[{"name":"wp","href":"https:\/\/api.w.org\/{rel}","templated":true}]}}