{"id":4552,"date":"2016-06-25T16:14:24","date_gmt":"2016-06-25T16:14:24","guid":{"rendered":"http:\/\/paroquiagloria.org\/v2\/?p=4552"},"modified":"2016-06-25T16:14:24","modified_gmt":"2016-06-25T16:14:24","slug":"festas-de-verao-2016-balanco","status":"publish","type":"post","link":"http:\/\/paroquiagloria.org\/v2\/?p=4552","title":{"rendered":"Festas de Ver\u00e3o 2016 &#8211; BALAN\u00c7O"},"content":{"rendered":"<p><a href=\"http:\/\/paroquiagloria.org\/v2\/wp-content\/uploads\/2016\/05\/cartaz_FestasdeVerao.jpg\"><img loading=\"lazy\" class=\"alignnone size-full wp-image-4459\" src=\"http:\/\/paroquiagloria.org\/v2\/wp-content\/uploads\/2016\/05\/cartaz_FestasdeVerao.jpg\" alt=\"cartaz_FestasdeVerao\" width=\"679\" height=\"960\" srcset=\"http:\/\/paroquiagloria.org\/v2\/wp-content\/uploads\/2016\/05\/cartaz_FestasdeVerao.jpg 679w, http:\/\/paroquiagloria.org\/v2\/wp-content\/uploads\/2016\/05\/cartaz_FestasdeVerao-212x300.jpg 212w\" sizes=\"(max-width: 679px) 100vw, 679px\" \/><\/a><\/p>\n<p>&nbsp;<\/p>\n<p>Com uma agrad\u00e1vel e concorrida noite das Marchas Populares conclu\u00edmos a edi\u00e7\u00e3o das nossas Festas de Ver\u00e3o.<br \/>\nUma vez mais queremos agradecer a todos os que se envolveram, de qualquer forma, nesta iniciativa. Sem a contribui\u00e7\u00e3o de cada um n\u00e3o teria sido poss\u00edvel.<br \/>\nUma palavra de apre\u00e7o aos homens e mulheres que, heroicamente, durante todos os dias das festas, trabalharam e confeccionaram muitas centenas de refei\u00e7\u00f5es e que tudo fizeram para proporcionar a todos, momentos apraz\u00edveis.<br \/>\nAgora, segue-se o jantar conv\u00edvio com todos os envolvidos nas equipas de trabalho, j\u00e1 esta ter\u00e7a-feira. Depois vir\u00e1 a avalia\u00e7\u00e3o necess\u00e1ria para que no pr\u00f3ximo ano possamos continuar a promover a nossa festa.<\/p>\n","protected":false},"excerpt":{"rendered":"<p>&nbsp; Com uma agrad\u00e1vel e concorrida noite das Marchas Populares conclu\u00edmos a edi\u00e7\u00e3o das nossas Festas de Ver\u00e3o. Uma vez mais queremos agradecer a todos os que se envolveram, de qualquer forma, nesta iniciativa. Sem a contribui\u00e7\u00e3o de cada um n\u00e3o teria sido poss\u00edvel. Uma palavra de apre\u00e7o aos homens e mulheres que, heroicamente, durante [&hellip;]<\/p>\n","protected":false},"author":1,"featured_media":4460,"comment_status":"open","ping_status":"closed","sticky":false,"template":"","format":"standard","meta":{"ngg_post_thumbnail":0},"categories":[1,4,2,6,18],"tags":[],"_links":{"self":[{"href":"http:\/\/paroquiagloria.org\/v2\/index.php?rest_route=\/wp\/v2\/posts\/4552"}],"collection":[{"href":"http:\/\/paroquiagloria.org\/v2\/index.php?rest_route=\/wp\/v2\/posts"}],"about":[{"href":"http:\/\/paroquiagloria.org\/v2\/index.php?rest_route=\/wp\/v2\/types\/post"}],"author":[{"embeddable":true,"href":"http:\/\/paroquiagloria.org\/v2\/index.php?rest_route=\/wp\/v2\/users\/1"}],"replies":[{"embeddable":true,"href":"http:\/\/paroquiagloria.org\/v2\/index.php?rest_route=%2Fwp%2Fv2%2Fcomments&post=4552"}],"version-history":[{"count":1,"href":"http:\/\/paroquiagloria.org\/v2\/index.php?rest_route=\/wp\/v2\/posts\/4552\/revisions"}],"predecessor-version":[{"id":4553,"href":"http:\/\/paroquiagloria.org\/v2\/index.php?rest_route=\/wp\/v2\/posts\/4552\/revisions\/4553"}],"wp:featuredmedia":[{"embeddable":true,"href":"http:\/\/paroquiagloria.org\/v2\/index.php?rest_route=\/wp\/v2\/media\/4460"}],"wp:attachment":[{"href":"http:\/\/paroquiagloria.org\/v2\/index.php?rest_route=%2Fwp%2Fv2%2Fmedia&parent=4552"}],"wp:term":[{"taxonomy":"category","embeddable":true,"href":"http:\/\/paroquiagloria.org\/v2\/index.php?rest_route=%2Fwp%2Fv2%2Fcategories&post=4552"},{"taxonomy":"post_tag","embeddable":true,"href":"http:\/\/paroquiagloria.org\/v2\/index.php?rest_route=%2Fwp%2Fv2%2Ftags&post=4552"}],"curies":[{"name":"wp","href":"https:\/\/api.w.org\/{rel}","templated":true}]}}