{"id":4549,"date":"2016-06-25T16:13:25","date_gmt":"2016-06-25T16:13:25","guid":{"rendered":"http:\/\/paroquiagloria.org\/v2\/?p=4549"},"modified":"2016-06-25T16:13:25","modified_gmt":"2016-06-25T16:13:25","slug":"escuteiros-de-vilar-em-acagrup","status":"publish","type":"post","link":"http:\/\/paroquiagloria.org\/v2\/?p=4549","title":{"rendered":"Escuteiros de Vilar em ACAGRUP"},"content":{"rendered":"<p><a href=\"http:\/\/paroquiagloria.org\/v2\/wp-content\/uploads\/2016\/06\/794_vilar.jpg\"><img loading=\"lazy\" class=\"alignnone size-full wp-image-4550\" src=\"http:\/\/paroquiagloria.org\/v2\/wp-content\/uploads\/2016\/06\/794_vilar.jpg\" alt=\"794_vilar\" width=\"960\" height=\"450\" srcset=\"http:\/\/paroquiagloria.org\/v2\/wp-content\/uploads\/2016\/06\/794_vilar.jpg 960w, http:\/\/paroquiagloria.org\/v2\/wp-content\/uploads\/2016\/06\/794_vilar-300x141.jpg 300w\" sizes=\"(max-width: 960px) 100vw, 960px\" \/><\/a><\/p>\n<p>O agrupamento de escuteiros de Vilar vai realizar o seu acampamento de agrupamento, na Quinta do Choupo, na Ericeira. Entre os dias 29 de junho e 2 de julho, sob o lema &#8220;Acolhe o talento que h\u00e1 em ti&#8221;, os nossos escuteiros ir\u00e3o viver e aprofundar a par\u00e1bola dos talentos. Votos de boa ca\u00e7a!<\/p>\n","protected":false},"excerpt":{"rendered":"<p>O agrupamento de escuteiros de Vilar vai realizar o seu acampamento de agrupamento, na Quinta do Choupo, na Ericeira. Entre os dias 29 de junho e 2 de julho, sob o lema &#8220;Acolhe o talento que h\u00e1 em ti&#8221;, os nossos escuteiros ir\u00e3o viver e aprofundar a par\u00e1bola dos talentos. Votos de boa ca\u00e7a!<\/p>\n","protected":false},"author":1,"featured_media":4550,"comment_status":"open","ping_status":"closed","sticky":false,"template":"","format":"standard","meta":{"ngg_post_thumbnail":0},"categories":[1,4,2,6,18],"tags":[],"_links":{"self":[{"href":"http:\/\/paroquiagloria.org\/v2\/index.php?rest_route=\/wp\/v2\/posts\/4549"}],"collection":[{"href":"http:\/\/paroquiagloria.org\/v2\/index.php?rest_route=\/wp\/v2\/posts"}],"about":[{"href":"http:\/\/paroquiagloria.org\/v2\/index.php?rest_route=\/wp\/v2\/types\/post"}],"author":[{"embeddable":true,"href":"http:\/\/paroquiagloria.org\/v2\/index.php?rest_route=\/wp\/v2\/users\/1"}],"replies":[{"embeddable":true,"href":"http:\/\/paroquiagloria.org\/v2\/index.php?rest_route=%2Fwp%2Fv2%2Fcomments&post=4549"}],"version-history":[{"count":1,"href":"http:\/\/paroquiagloria.org\/v2\/index.php?rest_route=\/wp\/v2\/posts\/4549\/revisions"}],"predecessor-version":[{"id":4551,"href":"http:\/\/paroquiagloria.org\/v2\/index.php?rest_route=\/wp\/v2\/posts\/4549\/revisions\/4551"}],"wp:featuredmedia":[{"embeddable":true,"href":"http:\/\/paroquiagloria.org\/v2\/index.php?rest_route=\/wp\/v2\/media\/4550"}],"wp:attachment":[{"href":"http:\/\/paroquiagloria.org\/v2\/index.php?rest_route=%2Fwp%2Fv2%2Fmedia&parent=4549"}],"wp:term":[{"taxonomy":"category","embeddable":true,"href":"http:\/\/paroquiagloria.org\/v2\/index.php?rest_route=%2Fwp%2Fv2%2Fcategories&post=4549"},{"taxonomy":"post_tag","embeddable":true,"href":"http:\/\/paroquiagloria.org\/v2\/index.php?rest_route=%2Fwp%2Fv2%2Ftags&post=4549"}],"curies":[{"name":"wp","href":"https:\/\/api.w.org\/{rel}","templated":true}]}}