{"id":4537,"date":"2016-06-18T16:48:05","date_gmt":"2016-06-18T16:48:05","guid":{"rendered":"http:\/\/paroquiagloria.org\/v2\/?p=4537"},"modified":"2016-06-18T16:48:05","modified_gmt":"2016-06-18T16:48:05","slug":"ordenacao-sacerdotal-de-gustavo-fernandes","status":"publish","type":"post","link":"http:\/\/paroquiagloria.org\/v2\/?p=4537","title":{"rendered":"Ordena\u00e7\u00e3o sacerdotal  de Gustavo Fernandes"},"content":{"rendered":"<p><a href=\"http:\/\/paroquiagloria.org\/v2\/wp-content\/uploads\/2016\/06\/banner_gustavofernandes.jpg\"><img loading=\"lazy\" class=\"alignnone size-full wp-image-4538\" src=\"http:\/\/paroquiagloria.org\/v2\/wp-content\/uploads\/2016\/06\/banner_gustavofernandes.jpg\" alt=\"banner_gustavofernandes\" width=\"960\" height=\"450\" srcset=\"http:\/\/paroquiagloria.org\/v2\/wp-content\/uploads\/2016\/06\/banner_gustavofernandes.jpg 960w, http:\/\/paroquiagloria.org\/v2\/wp-content\/uploads\/2016\/06\/banner_gustavofernandes-300x141.jpg 300w\" sizes=\"(max-width: 960px) 100vw, 960px\" \/><\/a><\/p>\n<p>No domingo, dia 10 de Julho, D. Ant\u00f3nio Moiteiro celebrar\u00e1 a Eucaristia de ordena\u00e7\u00e3o sacerdotal do di\u00e1cono Gustavo Fernandes, na S\u00e9 de Aveiro. O in\u00edcio ser\u00e1 \u00e0s 16h. O jovem Gustavo Fernandes, natural de Recard\u00e3es (\u00c1gueda), foi ordenado di\u00e1cono no dia 14 de novembro de 2015 e colabora nas par\u00f3quias da Branca e Ribeira de Fr\u00e1guas.<\/p>\n","protected":false},"excerpt":{"rendered":"<p>No domingo, dia 10 de Julho, D. Ant\u00f3nio Moiteiro celebrar\u00e1 a Eucaristia de ordena\u00e7\u00e3o sacerdotal do di\u00e1cono Gustavo Fernandes, na S\u00e9 de Aveiro. O in\u00edcio ser\u00e1 \u00e0s 16h. O jovem Gustavo Fernandes, natural de Recard\u00e3es (\u00c1gueda), foi ordenado di\u00e1cono no dia 14 de novembro de 2015 e colabora nas par\u00f3quias da Branca e Ribeira de [&hellip;]<\/p>\n","protected":false},"author":1,"featured_media":4538,"comment_status":"open","ping_status":"closed","sticky":false,"template":"","format":"standard","meta":{"ngg_post_thumbnail":0},"categories":[1,4,2,6,18],"tags":[],"_links":{"self":[{"href":"http:\/\/paroquiagloria.org\/v2\/index.php?rest_route=\/wp\/v2\/posts\/4537"}],"collection":[{"href":"http:\/\/paroquiagloria.org\/v2\/index.php?rest_route=\/wp\/v2\/posts"}],"about":[{"href":"http:\/\/paroquiagloria.org\/v2\/index.php?rest_route=\/wp\/v2\/types\/post"}],"author":[{"embeddable":true,"href":"http:\/\/paroquiagloria.org\/v2\/index.php?rest_route=\/wp\/v2\/users\/1"}],"replies":[{"embeddable":true,"href":"http:\/\/paroquiagloria.org\/v2\/index.php?rest_route=%2Fwp%2Fv2%2Fcomments&post=4537"}],"version-history":[{"count":1,"href":"http:\/\/paroquiagloria.org\/v2\/index.php?rest_route=\/wp\/v2\/posts\/4537\/revisions"}],"predecessor-version":[{"id":4539,"href":"http:\/\/paroquiagloria.org\/v2\/index.php?rest_route=\/wp\/v2\/posts\/4537\/revisions\/4539"}],"wp:featuredmedia":[{"embeddable":true,"href":"http:\/\/paroquiagloria.org\/v2\/index.php?rest_route=\/wp\/v2\/media\/4538"}],"wp:attachment":[{"href":"http:\/\/paroquiagloria.org\/v2\/index.php?rest_route=%2Fwp%2Fv2%2Fmedia&parent=4537"}],"wp:term":[{"taxonomy":"category","embeddable":true,"href":"http:\/\/paroquiagloria.org\/v2\/index.php?rest_route=%2Fwp%2Fv2%2Fcategories&post=4537"},{"taxonomy":"post_tag","embeddable":true,"href":"http:\/\/paroquiagloria.org\/v2\/index.php?rest_route=%2Fwp%2Fv2%2Ftags&post=4537"}],"curies":[{"name":"wp","href":"https:\/\/api.w.org\/{rel}","templated":true}]}}