{"id":4529,"date":"2016-06-18T16:42:35","date_gmt":"2016-06-18T16:42:35","guid":{"rendered":"http:\/\/paroquiagloria.org\/v2\/?p=4529"},"modified":"2016-06-18T16:42:48","modified_gmt":"2016-06-18T16:42:48","slug":"festas-de-verao-2016-la-vem-a-marcha","status":"publish","type":"post","link":"http:\/\/paroquiagloria.org\/v2\/?p=4529","title":{"rendered":"Festas de Ver\u00e3o 2016. L\u00e1 vem a marcha!"},"content":{"rendered":"<p><a href=\"http:\/\/paroquiagloria.org\/v2\/wp-content\/uploads\/2016\/05\/cartaz_FestasdeVerao.jpg\"><img loading=\"lazy\" class=\"alignnone size-full wp-image-4459\" src=\"http:\/\/paroquiagloria.org\/v2\/wp-content\/uploads\/2016\/05\/cartaz_FestasdeVerao.jpg\" alt=\"cartaz_FestasdeVerao\" width=\"679\" height=\"960\" srcset=\"http:\/\/paroquiagloria.org\/v2\/wp-content\/uploads\/2016\/05\/cartaz_FestasdeVerao.jpg 679w, http:\/\/paroquiagloria.org\/v2\/wp-content\/uploads\/2016\/05\/cartaz_FestasdeVerao-212x300.jpg 212w\" sizes=\"(max-width: 679px) 100vw, 679px\" \/><\/a><\/p>\n<p>Esta <strong>quinta-feira, dia 23,<\/strong> na \u00faltima noite de mais uma edi\u00e7\u00e3o das Festas de Ver\u00e3o, temos as habituais marchas populares. Com o mote &#8220;L\u00e1 vem a marcha&#8221;, depois do jantar no jardim municipal, com as j\u00e1 conhecidas iguarias, no Largo de Santo Ant\u00f3nio, sete grupos v\u00e3o fazer as suas apresenta\u00e7\u00f5es na noite de S. Jo\u00e3o.<br \/>\nCom a noite das Marchas se conclui mais uma edi\u00e7\u00e3o das nossas festas promovidas pela Par\u00f3quia da Gl\u00f3ria. De antem\u00e3o, agradecemos a quantos marcaram presen\u00e7a nos dias da festa e especialmente a quantos deram de si, do seu tempo e do seu esfor\u00e7o, para tornar poss\u00edvel mais uma edi\u00e7\u00e3o das Festas de Ver\u00e3o. O trabalho \u00e9pico da equipa da log\u00edstica, este ano acrescido da mais valia da equipa do programa, a arte dos jovens que trouxeram um toque de leveza \u00e0 imagem (cartaz e flyers), todos os apoios pessoais e institucionais: tudo reconhecidamente agradecemos, cientes de que juntos, poderemos continuar a sonhar belos momentos em torno destas festas de Ver\u00e3o, na cidade de Aveiro.<br \/>\nSeguir-se-\u00e1 a avalia\u00e7\u00e3o necess\u00e1ria e, a seu tempo, a convoca\u00e7\u00e3o para a edi\u00e7\u00e3o do pr\u00f3ximo ano.<\/p>\n","protected":false},"excerpt":{"rendered":"<p>Esta quinta-feira, dia 23, na \u00faltima noite de mais uma edi\u00e7\u00e3o das Festas de Ver\u00e3o, temos as habituais marchas populares. Com o mote &#8220;L\u00e1 vem a marcha&#8221;, depois do jantar no jardim municipal, com as j\u00e1 conhecidas iguarias, no Largo de Santo Ant\u00f3nio, sete grupos v\u00e3o fazer as suas apresenta\u00e7\u00f5es na noite de S. Jo\u00e3o. [&hellip;]<\/p>\n","protected":false},"author":1,"featured_media":4460,"comment_status":"open","ping_status":"closed","sticky":false,"template":"","format":"standard","meta":{"ngg_post_thumbnail":0},"categories":[1,4,2,6,18],"tags":[],"_links":{"self":[{"href":"http:\/\/paroquiagloria.org\/v2\/index.php?rest_route=\/wp\/v2\/posts\/4529"}],"collection":[{"href":"http:\/\/paroquiagloria.org\/v2\/index.php?rest_route=\/wp\/v2\/posts"}],"about":[{"href":"http:\/\/paroquiagloria.org\/v2\/index.php?rest_route=\/wp\/v2\/types\/post"}],"author":[{"embeddable":true,"href":"http:\/\/paroquiagloria.org\/v2\/index.php?rest_route=\/wp\/v2\/users\/1"}],"replies":[{"embeddable":true,"href":"http:\/\/paroquiagloria.org\/v2\/index.php?rest_route=%2Fwp%2Fv2%2Fcomments&post=4529"}],"version-history":[{"count":1,"href":"http:\/\/paroquiagloria.org\/v2\/index.php?rest_route=\/wp\/v2\/posts\/4529\/revisions"}],"predecessor-version":[{"id":4530,"href":"http:\/\/paroquiagloria.org\/v2\/index.php?rest_route=\/wp\/v2\/posts\/4529\/revisions\/4530"}],"wp:featuredmedia":[{"embeddable":true,"href":"http:\/\/paroquiagloria.org\/v2\/index.php?rest_route=\/wp\/v2\/media\/4460"}],"wp:attachment":[{"href":"http:\/\/paroquiagloria.org\/v2\/index.php?rest_route=%2Fwp%2Fv2%2Fmedia&parent=4529"}],"wp:term":[{"taxonomy":"category","embeddable":true,"href":"http:\/\/paroquiagloria.org\/v2\/index.php?rest_route=%2Fwp%2Fv2%2Fcategories&post=4529"},{"taxonomy":"post_tag","embeddable":true,"href":"http:\/\/paroquiagloria.org\/v2\/index.php?rest_route=%2Fwp%2Fv2%2Ftags&post=4529"}],"curies":[{"name":"wp","href":"https:\/\/api.w.org\/{rel}","templated":true}]}}