{"id":4507,"date":"2016-06-12T10:12:41","date_gmt":"2016-06-12T10:12:41","guid":{"rendered":"http:\/\/paroquiagloria.org\/v2\/?p=4507"},"modified":"2016-06-12T10:12:41","modified_gmt":"2016-06-12T10:12:41","slug":"festas-de-verao-2016-com-certeza-uma-noite-portuguesa","status":"publish","type":"post","link":"http:\/\/paroquiagloria.org\/v2\/?p=4507","title":{"rendered":"Festas de Ver\u00e3o 2016. Com certeza uma noite portuguesa"},"content":{"rendered":"<p><a href=\"http:\/\/paroquiagloria.org\/v2\/wp-content\/uploads\/2016\/05\/cartaz_FestasdeVerao.jpg\"><img loading=\"lazy\" class=\"alignnone size-full wp-image-4459\" src=\"http:\/\/paroquiagloria.org\/v2\/wp-content\/uploads\/2016\/05\/cartaz_FestasdeVerao.jpg\" alt=\"cartaz_FestasdeVerao\" width=\"679\" height=\"960\" srcset=\"http:\/\/paroquiagloria.org\/v2\/wp-content\/uploads\/2016\/05\/cartaz_FestasdeVerao.jpg 679w, http:\/\/paroquiagloria.org\/v2\/wp-content\/uploads\/2016\/05\/cartaz_FestasdeVerao-212x300.jpg 212w\" sizes=\"(max-width: 679px) 100vw, 679px\" \/><\/a><\/p>\n<p>&nbsp;<\/p>\n<p style=\"text-align: justify;\">J\u00e1 come\u00e7ou o Euro2016 que decorre em Fran\u00e7a e que conta com a presen\u00e7a da selec\u00e7\u00e3o portuguesa de futebol. No pr\u00f3ximo s\u00e1bado, dia 18, \u00e0s 20h, a Selec\u00e7\u00e3o das &#8220;Quinas&#8221; realiza o segundo jogo da fase de grupos. Nas nossas Festas de Ver\u00e3o essa ser\u00e1 &#8220;Com certeza uma noite portuguesa&#8221;, n\u00e3o s\u00f3 para assistir \u00e0 vit\u00f3ria da selec\u00e7\u00e3o mas tamb\u00e9m para degustar as iguarias habituais e para fazer festa com muita m\u00fasica popular.<br \/>\nMas porque o desporto n\u00e3o se resume ao futebol propomos ainda neste dia uma aula de zumba no Jardim Municipal, a partir das 18h, orientado pelo Renato Marques. Al\u00e9m disto, esta terceira jornada das festas de Ver\u00e3o2016 come\u00e7ar\u00e1 com uma arruada de gaita-de-fole entre a Rua Direita e o Jardim Municipal, a partir das 17h30.<br \/>\nRecordamos ainda que no contexto das nossas festas de Ver\u00e3o, teremos no domingo, dia 19, a festa de encerramento da catequese, com um programa entre as 10h e as 17h, que inclui a Eucaristia, o almo\u00e7o e um jogo, no parque, organizado pelos Escuteiros de Vilar. Portanto, um dia para reservar e viver em comunidade. Registe que na S\u00e9 n\u00e3o teremos qualquer missa.<br \/>\nEsta tradicional iniciativa que a nossa Par\u00f3quia organiza no m\u00eas dos Santos Populares, no Parque Infante D. Pedro, j\u00e1 \u00e9 uma \u201cmarca registada\u201d da anima\u00e7\u00e3o da cidade, conjugando boa gastronomia, m\u00fasica e muita anima\u00e7\u00e3o. Com o intuito de contribuir para uma cidade mais festiva e animada, este ano durante as tardes haver\u00e1 m\u00fasica em diversos espa\u00e7os do Bairro Hist\u00f3rico de Aveiro, Rua Direita e adjacentes, em parceria com a \u201cCORDA\u201d e com a preciosa colabora\u00e7\u00e3o de institui\u00e7\u00f5es como o Conservat\u00f3rio de M\u00fasica de Aveiro de Calouste Gulbenkian, a Sociedade Musical Santa Cec\u00edlia, entre outras associa\u00e7\u00f5es ou artistas que se apresentam a solo.<\/p>\n<p style=\"text-align: justify;\">\n<p style=\"text-align: justify;\"><a href=\"http:\/\/paroquiagloria.org\/v2\/wp-content\/uploads\/2016\/06\/progVerao2016_a.jpg\"><img loading=\"lazy\" class=\"alignnone size-large wp-image-4508\" src=\"http:\/\/paroquiagloria.org\/v2\/wp-content\/uploads\/2016\/06\/progVerao2016_a-1024x362.jpg\" alt=\"progVerao2016_a\" width=\"1024\" height=\"362\" srcset=\"http:\/\/paroquiagloria.org\/v2\/wp-content\/uploads\/2016\/06\/progVerao2016_a-1024x362.jpg 1024w, http:\/\/paroquiagloria.org\/v2\/wp-content\/uploads\/2016\/06\/progVerao2016_a-300x106.jpg 300w\" sizes=\"(max-width: 1024px) 100vw, 1024px\" \/><\/a> <a href=\"http:\/\/paroquiagloria.org\/v2\/wp-content\/uploads\/2016\/06\/progVerao2016_b.jpg\"><img loading=\"lazy\" class=\"alignnone size-large wp-image-4509\" src=\"http:\/\/paroquiagloria.org\/v2\/wp-content\/uploads\/2016\/06\/progVerao2016_b-1024x362.jpg\" alt=\"progVerao2016_b\" width=\"1024\" height=\"362\" srcset=\"http:\/\/paroquiagloria.org\/v2\/wp-content\/uploads\/2016\/06\/progVerao2016_b-1024x362.jpg 1024w, http:\/\/paroquiagloria.org\/v2\/wp-content\/uploads\/2016\/06\/progVerao2016_b-300x106.jpg 300w\" sizes=\"(max-width: 1024px) 100vw, 1024px\" \/><\/a><\/p>\n","protected":false},"excerpt":{"rendered":"<p>&nbsp; J\u00e1 come\u00e7ou o Euro2016 que decorre em Fran\u00e7a e que conta com a presen\u00e7a da selec\u00e7\u00e3o portuguesa de futebol. No pr\u00f3ximo s\u00e1bado, dia 18, \u00e0s 20h, a Selec\u00e7\u00e3o das &#8220;Quinas&#8221; realiza o segundo jogo da fase de grupos. Nas nossas Festas de Ver\u00e3o essa ser\u00e1 &#8220;Com certeza uma noite portuguesa&#8221;, n\u00e3o s\u00f3 para assistir [&hellip;]<\/p>\n","protected":false},"author":1,"featured_media":4460,"comment_status":"open","ping_status":"closed","sticky":false,"template":"","format":"standard","meta":{"ngg_post_thumbnail":0},"categories":[1,4,2,6,18],"tags":[],"_links":{"self":[{"href":"http:\/\/paroquiagloria.org\/v2\/index.php?rest_route=\/wp\/v2\/posts\/4507"}],"collection":[{"href":"http:\/\/paroquiagloria.org\/v2\/index.php?rest_route=\/wp\/v2\/posts"}],"about":[{"href":"http:\/\/paroquiagloria.org\/v2\/index.php?rest_route=\/wp\/v2\/types\/post"}],"author":[{"embeddable":true,"href":"http:\/\/paroquiagloria.org\/v2\/index.php?rest_route=\/wp\/v2\/users\/1"}],"replies":[{"embeddable":true,"href":"http:\/\/paroquiagloria.org\/v2\/index.php?rest_route=%2Fwp%2Fv2%2Fcomments&post=4507"}],"version-history":[{"count":1,"href":"http:\/\/paroquiagloria.org\/v2\/index.php?rest_route=\/wp\/v2\/posts\/4507\/revisions"}],"predecessor-version":[{"id":4510,"href":"http:\/\/paroquiagloria.org\/v2\/index.php?rest_route=\/wp\/v2\/posts\/4507\/revisions\/4510"}],"wp:featuredmedia":[{"embeddable":true,"href":"http:\/\/paroquiagloria.org\/v2\/index.php?rest_route=\/wp\/v2\/media\/4460"}],"wp:attachment":[{"href":"http:\/\/paroquiagloria.org\/v2\/index.php?rest_route=%2Fwp%2Fv2%2Fmedia&parent=4507"}],"wp:term":[{"taxonomy":"category","embeddable":true,"href":"http:\/\/paroquiagloria.org\/v2\/index.php?rest_route=%2Fwp%2Fv2%2Fcategories&post=4507"},{"taxonomy":"post_tag","embeddable":true,"href":"http:\/\/paroquiagloria.org\/v2\/index.php?rest_route=%2Fwp%2Fv2%2Ftags&post=4507"}],"curies":[{"name":"wp","href":"https:\/\/api.w.org\/{rel}","templated":true}]}}