{"id":4486,"date":"2016-06-05T11:50:33","date_gmt":"2016-06-05T11:50:33","guid":{"rendered":"http:\/\/paroquiagloria.org\/v2\/?p=4486"},"modified":"2016-06-05T11:50:33","modified_gmt":"2016-06-05T11:50:33","slug":"festas-de-verao-2016-silencio-de-que-se-vai-cantar-o-fado","status":"publish","type":"post","link":"http:\/\/paroquiagloria.org\/v2\/?p=4486","title":{"rendered":"Festas de Ver\u00e3o 2016. Sil\u00eancio de que se vai cantar o fado"},"content":{"rendered":"<p><a href=\"http:\/\/paroquiagloria.org\/v2\/wp-content\/uploads\/2016\/05\/cartaz_FestasdeVerao.jpg\"><img loading=\"lazy\" class=\"alignnone size-full wp-image-4459\" src=\"http:\/\/paroquiagloria.org\/v2\/wp-content\/uploads\/2016\/05\/cartaz_FestasdeVerao.jpg\" alt=\"cartaz_FestasdeVerao\" width=\"679\" height=\"960\" srcset=\"http:\/\/paroquiagloria.org\/v2\/wp-content\/uploads\/2016\/05\/cartaz_FestasdeVerao.jpg 679w, http:\/\/paroquiagloria.org\/v2\/wp-content\/uploads\/2016\/05\/cartaz_FestasdeVerao-212x300.jpg 212w\" sizes=\"(max-width: 679px) 100vw, 679px\" \/><\/a><\/p>\n<p>&#8220;Sil\u00eancio que se vai cantar o fado&#8221; \u00e9 o mote para a segunda noite das Festas de Ver\u00e3o 2016, no pr\u00f3ximo s\u00e1bado, dia 11. Neste dia ainda haver\u00e1 m\u00fasica na Rua Direita, a partir das 18h30, com o Coro das crian\u00e7as da inicia\u00e7\u00e3o do Conservat\u00f3rio de M\u00fasica de Aveiro de Calouste Gulbenkian e jantar a partir das 20h, no Jardim Municipal.<br \/>\nEsta tradicional iniciativa que a nossa Par\u00f3quia organiza no m\u00eas dos Santos Populares, no Parque Infante D. Pedro, j\u00e1 \u00e9 uma &#8220;marca registada&#8221; da anima\u00e7\u00e3o da cidade, conjugando boa gastronomia, m\u00fasica e muita anima\u00e7\u00e3o.<br \/>\nCom o intuito de contribuir para uma cidade mais festiva e animada, este ano durante as tardes haver\u00e1 m\u00fasica em diversos espa\u00e7os do Bairro Hist\u00f3rico de Aveiro, Rua Direita e adjacentes, em parceria com a &#8220;CORDA&#8221; e com a preciosa colabora\u00e7\u00e3o de institui\u00e7\u00f5es como o Conservat\u00f3rio de M\u00fasica de Aveiro de Calouste Gulbenkian, a Sociedade Musical Santa Cec\u00edlia, entre outras associa\u00e7\u00f5es ou artistas que se apresentam a solo. Tamb\u00e9m a dimens\u00e3o desportiva n\u00e3o ser\u00e1 esquecida com uma aula de zumba que decorrer\u00e1 no frondoso Jardim Municipal.<br \/>\nRecordamos ainda que no contexto das nossas festas de Ver\u00e3o, teremos no domingo, dia 19, a festa de encerramento da catequese, com um programa entre as 10h e as 17h, que inclui a Eucaristia, o almo\u00e7o e um jogo, no parque, organizado pelos Escuteiros de Vilar. Portanto, um dia para reservar e viver em comunidade.<\/p>\n","protected":false},"excerpt":{"rendered":"<p>&#8220;Sil\u00eancio que se vai cantar o fado&#8221; \u00e9 o mote para a segunda noite das Festas de Ver\u00e3o 2016, no pr\u00f3ximo s\u00e1bado, dia 11. Neste dia ainda haver\u00e1 m\u00fasica na Rua Direita, a partir das 18h30, com o Coro das crian\u00e7as da inicia\u00e7\u00e3o do Conservat\u00f3rio de M\u00fasica de Aveiro de Calouste Gulbenkian e jantar a [&hellip;]<\/p>\n","protected":false},"author":1,"featured_media":4460,"comment_status":"open","ping_status":"closed","sticky":false,"template":"","format":"standard","meta":{"ngg_post_thumbnail":0},"categories":[1,2,6,18],"tags":[],"_links":{"self":[{"href":"http:\/\/paroquiagloria.org\/v2\/index.php?rest_route=\/wp\/v2\/posts\/4486"}],"collection":[{"href":"http:\/\/paroquiagloria.org\/v2\/index.php?rest_route=\/wp\/v2\/posts"}],"about":[{"href":"http:\/\/paroquiagloria.org\/v2\/index.php?rest_route=\/wp\/v2\/types\/post"}],"author":[{"embeddable":true,"href":"http:\/\/paroquiagloria.org\/v2\/index.php?rest_route=\/wp\/v2\/users\/1"}],"replies":[{"embeddable":true,"href":"http:\/\/paroquiagloria.org\/v2\/index.php?rest_route=%2Fwp%2Fv2%2Fcomments&post=4486"}],"version-history":[{"count":1,"href":"http:\/\/paroquiagloria.org\/v2\/index.php?rest_route=\/wp\/v2\/posts\/4486\/revisions"}],"predecessor-version":[{"id":4487,"href":"http:\/\/paroquiagloria.org\/v2\/index.php?rest_route=\/wp\/v2\/posts\/4486\/revisions\/4487"}],"wp:featuredmedia":[{"embeddable":true,"href":"http:\/\/paroquiagloria.org\/v2\/index.php?rest_route=\/wp\/v2\/media\/4460"}],"wp:attachment":[{"href":"http:\/\/paroquiagloria.org\/v2\/index.php?rest_route=%2Fwp%2Fv2%2Fmedia&parent=4486"}],"wp:term":[{"taxonomy":"category","embeddable":true,"href":"http:\/\/paroquiagloria.org\/v2\/index.php?rest_route=%2Fwp%2Fv2%2Fcategories&post=4486"},{"taxonomy":"post_tag","embeddable":true,"href":"http:\/\/paroquiagloria.org\/v2\/index.php?rest_route=%2Fwp%2Fv2%2Ftags&post=4486"}],"curies":[{"name":"wp","href":"https:\/\/api.w.org\/{rel}","templated":true}]}}