{"id":4484,"date":"2016-06-05T11:49:47","date_gmt":"2016-06-05T11:49:47","guid":{"rendered":"http:\/\/paroquiagloria.org\/v2\/?p=4484"},"modified":"2016-06-05T11:49:47","modified_gmt":"2016-06-05T11:49:47","slug":"retiro-para-doentes-3","status":"publish","type":"post","link":"http:\/\/paroquiagloria.org\/v2\/?p=4484","title":{"rendered":"Retiro para Doentes"},"content":{"rendered":"<p><a href=\"http:\/\/paroquiagloria.org\/v2\/wp-content\/uploads\/2015\/02\/banner_Diamundialdoente15.jpg\"><img loading=\"lazy\" class=\"alignnone size-full wp-image-3030\" src=\"http:\/\/paroquiagloria.org\/v2\/wp-content\/uploads\/2015\/02\/banner_Diamundialdoente15.jpg\" alt=\"banner_Diamundialdoente15\" width=\"960\" height=\"340\" srcset=\"http:\/\/paroquiagloria.org\/v2\/wp-content\/uploads\/2015\/02\/banner_Diamundialdoente15.jpg 960w, http:\/\/paroquiagloria.org\/v2\/wp-content\/uploads\/2015\/02\/banner_Diamundialdoente15-300x106.jpg 300w\" sizes=\"(max-width: 960px) 100vw, 960px\" \/><\/a><\/p>\n<p>O Movimento da Mensagem de F\u00e1tima promove de 21 a 24 de Julho o Retiro para Doentes. As inscri\u00e7\u00f5es podem ser feitas junto da enfermeira Cremilde Campos (234045494\/965416764) at\u00e9 ao dia 10 de Junho. De registar que, com a excep\u00e7\u00e3o da viagem, este retiro \u00e9 gratuito.<\/p>\n","protected":false},"excerpt":{"rendered":"<p>O Movimento da Mensagem de F\u00e1tima promove de 21 a 24 de Julho o Retiro para Doentes. As inscri\u00e7\u00f5es podem ser feitas junto da enfermeira Cremilde Campos (234045494\/965416764) at\u00e9 ao dia 10 de Junho. De registar que, com a excep\u00e7\u00e3o da viagem, este retiro \u00e9 gratuito.<\/p>\n","protected":false},"author":1,"featured_media":3030,"comment_status":"open","ping_status":"closed","sticky":false,"template":"","format":"standard","meta":{"ngg_post_thumbnail":0},"categories":[1,4,2,6,18],"tags":[],"_links":{"self":[{"href":"http:\/\/paroquiagloria.org\/v2\/index.php?rest_route=\/wp\/v2\/posts\/4484"}],"collection":[{"href":"http:\/\/paroquiagloria.org\/v2\/index.php?rest_route=\/wp\/v2\/posts"}],"about":[{"href":"http:\/\/paroquiagloria.org\/v2\/index.php?rest_route=\/wp\/v2\/types\/post"}],"author":[{"embeddable":true,"href":"http:\/\/paroquiagloria.org\/v2\/index.php?rest_route=\/wp\/v2\/users\/1"}],"replies":[{"embeddable":true,"href":"http:\/\/paroquiagloria.org\/v2\/index.php?rest_route=%2Fwp%2Fv2%2Fcomments&post=4484"}],"version-history":[{"count":1,"href":"http:\/\/paroquiagloria.org\/v2\/index.php?rest_route=\/wp\/v2\/posts\/4484\/revisions"}],"predecessor-version":[{"id":4485,"href":"http:\/\/paroquiagloria.org\/v2\/index.php?rest_route=\/wp\/v2\/posts\/4484\/revisions\/4485"}],"wp:featuredmedia":[{"embeddable":true,"href":"http:\/\/paroquiagloria.org\/v2\/index.php?rest_route=\/wp\/v2\/media\/3030"}],"wp:attachment":[{"href":"http:\/\/paroquiagloria.org\/v2\/index.php?rest_route=%2Fwp%2Fv2%2Fmedia&parent=4484"}],"wp:term":[{"taxonomy":"category","embeddable":true,"href":"http:\/\/paroquiagloria.org\/v2\/index.php?rest_route=%2Fwp%2Fv2%2Fcategories&post=4484"},{"taxonomy":"post_tag","embeddable":true,"href":"http:\/\/paroquiagloria.org\/v2\/index.php?rest_route=%2Fwp%2Fv2%2Ftags&post=4484"}],"curies":[{"name":"wp","href":"https:\/\/api.w.org\/{rel}","templated":true}]}}