{"id":344,"date":"2013-02-06T20:14:42","date_gmt":"2013-02-06T20:14:42","guid":{"rendered":"http:\/\/paroquiagloria.org\/v2\/?p=344"},"modified":"2013-02-07T01:11:01","modified_gmt":"2013-02-07T01:11:01","slug":"344","status":"publish","type":"post","link":"http:\/\/paroquiagloria.org\/v2\/?p=344","title":{"rendered":"Miss\u00e3o Jubilar"},"content":{"rendered":"<p>Aqui estar\u00e3o todos os materiais relativos \u00e0 Miss\u00e3o Jubilar dos 75 anos de restaura\u00e7\u00e3o da Diocese de Aveiro.<\/p>\n<p>&nbsp;<\/p>\n<h2>Artigos Populares<\/h2>\n<p><?php query_posts('showposts=5'); ?><\/p>\n<ul>\n<?php while (have_posts()) : the_post(); ?><\/p>\n<li><a href=\"<?php the_permalink() ?>&#8220;><?php the_title(); ?><\/a><\/li>\n<p><?php endwhile;?>\n<\/ul>\n","protected":false},"excerpt":{"rendered":"<p>Aqui estar\u00e3o todos os materiais relativos \u00e0 Miss\u00e3o Jubilar dos 75 anos de restaura\u00e7\u00e3o da Diocese de Aveiro. &nbsp; Artigos Populares<\/p>\n","protected":false},"author":1,"featured_media":357,"comment_status":"open","ping_status":"closed","sticky":false,"template":"","format":"standard","meta":{"ngg_post_thumbnail":0},"categories":[8],"tags":[10],"_links":{"self":[{"href":"http:\/\/paroquiagloria.org\/v2\/index.php?rest_route=\/wp\/v2\/posts\/344"}],"collection":[{"href":"http:\/\/paroquiagloria.org\/v2\/index.php?rest_route=\/wp\/v2\/posts"}],"about":[{"href":"http:\/\/paroquiagloria.org\/v2\/index.php?rest_route=\/wp\/v2\/types\/post"}],"author":[{"embeddable":true,"href":"http:\/\/paroquiagloria.org\/v2\/index.php?rest_route=\/wp\/v2\/users\/1"}],"replies":[{"embeddable":true,"href":"http:\/\/paroquiagloria.org\/v2\/index.php?rest_route=%2Fwp%2Fv2%2Fcomments&post=344"}],"version-history":[{"count":9,"href":"http:\/\/paroquiagloria.org\/v2\/index.php?rest_route=\/wp\/v2\/posts\/344\/revisions"}],"predecessor-version":[{"id":367,"href":"http:\/\/paroquiagloria.org\/v2\/index.php?rest_route=\/wp\/v2\/posts\/344\/revisions\/367"}],"wp:featuredmedia":[{"embeddable":true,"href":"http:\/\/paroquiagloria.org\/v2\/index.php?rest_route=\/wp\/v2\/media\/357"}],"wp:attachment":[{"href":"http:\/\/paroquiagloria.org\/v2\/index.php?rest_route=%2Fwp%2Fv2%2Fmedia&parent=344"}],"wp:term":[{"taxonomy":"category","embeddable":true,"href":"http:\/\/paroquiagloria.org\/v2\/index.php?rest_route=%2Fwp%2Fv2%2Fcategories&post=344"},{"taxonomy":"post_tag","embeddable":true,"href":"http:\/\/paroquiagloria.org\/v2\/index.php?rest_route=%2Fwp%2Fv2%2Ftags&post=344"}],"curies":[{"name":"wp","href":"https:\/\/api.w.org\/{rel}","templated":true}]}}