{"id":1817,"date":"2013-12-27T11:46:00","date_gmt":"2013-12-27T11:46:00","guid":{"rendered":"http:\/\/paroquiagloria.org\/v2\/?p=1817"},"modified":"2013-12-27T11:49:06","modified_gmt":"2013-12-27T11:49:06","slug":"natividade-adoracao-dos-pastores-calendario-liturgico","status":"publish","type":"post","link":"http:\/\/paroquiagloria.org\/v2\/?p=1817","title":{"rendered":"Natividade: Adora\u00e7\u00e3o dos pastores\/ Calend\u00e1rio lit\u00fargico"},"content":{"rendered":"<p><a href=\"http:\/\/paroquiagloria.org\/v2\/wp-content\/uploads\/2013\/12\/PGAVR-0110-10a.jpg\"><img loading=\"lazy\" class=\"size-medium wp-image-1818 aligncenter\" alt=\"PGAVR 0110 (10a)\" src=\"http:\/\/paroquiagloria.org\/v2\/wp-content\/uploads\/2013\/12\/PGAVR-0110-10a-217x300.jpg\" width=\"217\" height=\"300\" srcset=\"http:\/\/paroquiagloria.org\/v2\/wp-content\/uploads\/2013\/12\/PGAVR-0110-10a-217x300.jpg 217w, http:\/\/paroquiagloria.org\/v2\/wp-content\/uploads\/2013\/12\/PGAVR-0110-10a-744x1024.jpg 744w\" sizes=\"(max-width: 217px) 100vw, 217px\" \/><\/a><\/p>\n<p style=\"text-align: center;\"><strong>Natividade: Adora\u00e7\u00e3o dos pastores\/ Calend\u00e1rio lit\u00fargico (53)<\/strong><\/p>\n<p style=\"text-align: center;\">Jos Pseybrouck (1891-1956); c. 1923-c.1940 papel; gravura policroma; cromolitografia<\/p>\n<div style=\"text-align: justify;\">\n<div style=\"text-align: center;\"><em>INVENIETIS INFANTEM PANNIS INVOLVTVM, ET POSITVM IN PRAESEPIO. (St. Lucas 2:12)<\/em><\/div>\n<div style=\"text-align: center;\"><\/div>\n<\/div>\n<p style=\"text-align: justify;\">Este cartaz policromo\u00a0 utilizado pela Par\u00f3quia de Nossa Senhora da\u00a0Gl\u00f3ria na sua miss\u00e3o catequ\u00e9tica, pertence a uma s\u00e9rie de cinquenta e tr\u00eas cromolitografias, ilustrando o calend\u00e1rio lit\u00fargico, compostas pelo artista belga Jos Speybrouck e \u00a0executadas entre 1923 e 1940.<\/p>\n<p style=\"text-align: justify;\">Representa no calend\u00e1rio, a Festa de Natal com a imagem da adora\u00e7\u00e3o dos pastores ao menino, guiados pelo anjo do Senhor ao pres\u00e9pio de Bel\u00e9m.<\/p>\n<p style=\"text-align: justify;\">Jos Speybrouck, trabalhou de perto com a Ordem beneditina da Abadia de Santa Andr\u00e9, perto de Burgos, sendo o seu trabalho caracterizadamente de inspira\u00e7\u00e3o D\u00e9co, identificando-se pelo uso simplificado de formas, linhas sinuosas, geom\u00e9tricas, usando quase sempre composi\u00e7\u00f5es piramidais e colorido intenso.<\/p>\n","protected":false},"excerpt":{"rendered":"<p>Natividade: Adora\u00e7\u00e3o dos pastores\/ Calend\u00e1rio lit\u00fargico (53) Jos Pseybrouck (1891-1956); c. 1923-c.1940 papel; gravura policroma; cromolitografia INVENIETIS INFANTEM PANNIS INVOLVTVM, ET POSITVM IN PRAESEPIO. (St. Lucas 2:12) Este cartaz policromo\u00a0 utilizado pela Par\u00f3quia de Nossa Senhora da\u00a0Gl\u00f3ria na sua miss\u00e3o catequ\u00e9tica, pertence a uma s\u00e9rie de cinquenta e tr\u00eas cromolitografias, ilustrando o calend\u00e1rio lit\u00fargico, compostas [&hellip;]<\/p>\n","protected":false},"author":1,"featured_media":1818,"comment_status":"open","ping_status":"closed","sticky":false,"template":"","format":"standard","meta":{"ngg_post_thumbnail":0},"categories":[4,6,15],"tags":[],"_links":{"self":[{"href":"http:\/\/paroquiagloria.org\/v2\/index.php?rest_route=\/wp\/v2\/posts\/1817"}],"collection":[{"href":"http:\/\/paroquiagloria.org\/v2\/index.php?rest_route=\/wp\/v2\/posts"}],"about":[{"href":"http:\/\/paroquiagloria.org\/v2\/index.php?rest_route=\/wp\/v2\/types\/post"}],"author":[{"embeddable":true,"href":"http:\/\/paroquiagloria.org\/v2\/index.php?rest_route=\/wp\/v2\/users\/1"}],"replies":[{"embeddable":true,"href":"http:\/\/paroquiagloria.org\/v2\/index.php?rest_route=%2Fwp%2Fv2%2Fcomments&post=1817"}],"version-history":[{"count":2,"href":"http:\/\/paroquiagloria.org\/v2\/index.php?rest_route=\/wp\/v2\/posts\/1817\/revisions"}],"predecessor-version":[{"id":1820,"href":"http:\/\/paroquiagloria.org\/v2\/index.php?rest_route=\/wp\/v2\/posts\/1817\/revisions\/1820"}],"wp:featuredmedia":[{"embeddable":true,"href":"http:\/\/paroquiagloria.org\/v2\/index.php?rest_route=\/wp\/v2\/media\/1818"}],"wp:attachment":[{"href":"http:\/\/paroquiagloria.org\/v2\/index.php?rest_route=%2Fwp%2Fv2%2Fmedia&parent=1817"}],"wp:term":[{"taxonomy":"category","embeddable":true,"href":"http:\/\/paroquiagloria.org\/v2\/index.php?rest_route=%2Fwp%2Fv2%2Fcategories&post=1817"},{"taxonomy":"post_tag","embeddable":true,"href":"http:\/\/paroquiagloria.org\/v2\/index.php?rest_route=%2Fwp%2Fv2%2Ftags&post=1817"}],"curies":[{"name":"wp","href":"https:\/\/api.w.org\/{rel}","templated":true}]}}