{"id":14566,"date":"2026-03-07T19:01:20","date_gmt":"2026-03-07T19:01:20","guid":{"rendered":"http:\/\/paroquiagloria.org\/v2\/?p=14566"},"modified":"2026-03-07T19:01:22","modified_gmt":"2026-03-07T19:01:22","slug":"no-aniversario-de-falecimento-do-padre-joaquim-alves-bras","status":"publish","type":"post","link":"http:\/\/paroquiagloria.org\/v2\/?p=14566","title":{"rendered":"no anivers\u00e1rio de falecimento do Padre Joaquim Alves Br\u00e1s"},"content":{"rendered":"\n<figure class=\"wp-block-image size-full\"><a href=\"http:\/\/paroquiagloria.org\/v2\/wp-content\/uploads\/2026\/03\/logos_ccf_os_fmab.jpg\"><img loading=\"lazy\" width=\"864\" height=\"524\" src=\"http:\/\/paroquiagloria.org\/v2\/wp-content\/uploads\/2026\/03\/logos_ccf_os_fmab.jpg\" alt=\"\" class=\"wp-image-14567\" srcset=\"http:\/\/paroquiagloria.org\/v2\/wp-content\/uploads\/2026\/03\/logos_ccf_os_fmab.jpg 864w, http:\/\/paroquiagloria.org\/v2\/wp-content\/uploads\/2026\/03\/logos_ccf_os_fmab-300x182.jpg 300w, http:\/\/paroquiagloria.org\/v2\/wp-content\/uploads\/2026\/03\/logos_ccf_os_fmab-768x466.jpg 768w\" sizes=\"(max-width: 864px) 100vw, 864px\" \/><\/a><\/figure>\n\n\n\n<p>A fam\u00edlia Blasiana est\u00e1 em festa, celebra no dia 15 de mar\u00e7o, domingo na Eucaristia das 10,30h, 70 anos da partida do seu fundador; Vener\u00e1vel Padre Joaquim Alves Br\u00e1s, para a casa do Pai.<br>Somos convidados a unir as nossas vozes, louvando O Senhor pelo dom e vida deste sacerdote, homem carism\u00e1tico, que viveu fazendo tudo pelo bem da fam\u00edlia e dos mais carenciados.<\/p>\n\n\n\n<div class=\"wp-block-image\"><figure class=\"aligncenter size-large\"><a href=\"http:\/\/paroquiagloria.org\/v2\/wp-content\/uploads\/2026\/03\/CentenarioJoaquimAlvesBras_ISCF.jpg\"><img loading=\"lazy\" width=\"1016\" height=\"1024\" src=\"http:\/\/paroquiagloria.org\/v2\/wp-content\/uploads\/2026\/03\/CentenarioJoaquimAlvesBras_ISCF-1016x1024.jpg\" alt=\"\" class=\"wp-image-14568\" srcset=\"http:\/\/paroquiagloria.org\/v2\/wp-content\/uploads\/2026\/03\/CentenarioJoaquimAlvesBras_ISCF-1016x1024.jpg 1016w, http:\/\/paroquiagloria.org\/v2\/wp-content\/uploads\/2026\/03\/CentenarioJoaquimAlvesBras_ISCF-298x300.jpg 298w, http:\/\/paroquiagloria.org\/v2\/wp-content\/uploads\/2026\/03\/CentenarioJoaquimAlvesBras_ISCF-150x150.jpg 150w, http:\/\/paroquiagloria.org\/v2\/wp-content\/uploads\/2026\/03\/CentenarioJoaquimAlvesBras_ISCF-768x774.jpg 768w, http:\/\/paroquiagloria.org\/v2\/wp-content\/uploads\/2026\/03\/CentenarioJoaquimAlvesBras_ISCF-185x185.jpg 185w, http:\/\/paroquiagloria.org\/v2\/wp-content\/uploads\/2026\/03\/CentenarioJoaquimAlvesBras_ISCF-184x184.jpg 184w, http:\/\/paroquiagloria.org\/v2\/wp-content\/uploads\/2026\/03\/CentenarioJoaquimAlvesBras_ISCF.jpg 1072w\" sizes=\"(max-width: 1016px) 100vw, 1016px\" \/><\/a><\/figure><\/div>\n","protected":false},"excerpt":{"rendered":"<p>A fam\u00edlia Blasiana est\u00e1 em festa, celebra no dia 15 de mar\u00e7o, domingo na Eucaristia das 10,30h, 70 anos da partida do seu fundador; Vener\u00e1vel Padre Joaquim Alves Br\u00e1s, para a casa do Pai.Somos convidados a unir as nossas vozes, louvando O Senhor pelo dom e vida deste sacerdote, homem carism\u00e1tico, que viveu fazendo tudo [&hellip;]<\/p>\n","protected":false},"author":1,"featured_media":14569,"comment_status":"open","ping_status":"closed","sticky":false,"template":"","format":"standard","meta":{"ngg_post_thumbnail":0},"categories":[1,4,2],"tags":[],"_links":{"self":[{"href":"http:\/\/paroquiagloria.org\/v2\/index.php?rest_route=\/wp\/v2\/posts\/14566"}],"collection":[{"href":"http:\/\/paroquiagloria.org\/v2\/index.php?rest_route=\/wp\/v2\/posts"}],"about":[{"href":"http:\/\/paroquiagloria.org\/v2\/index.php?rest_route=\/wp\/v2\/types\/post"}],"author":[{"embeddable":true,"href":"http:\/\/paroquiagloria.org\/v2\/index.php?rest_route=\/wp\/v2\/users\/1"}],"replies":[{"embeddable":true,"href":"http:\/\/paroquiagloria.org\/v2\/index.php?rest_route=%2Fwp%2Fv2%2Fcomments&post=14566"}],"version-history":[{"count":1,"href":"http:\/\/paroquiagloria.org\/v2\/index.php?rest_route=\/wp\/v2\/posts\/14566\/revisions"}],"predecessor-version":[{"id":14570,"href":"http:\/\/paroquiagloria.org\/v2\/index.php?rest_route=\/wp\/v2\/posts\/14566\/revisions\/14570"}],"wp:featuredmedia":[{"embeddable":true,"href":"http:\/\/paroquiagloria.org\/v2\/index.php?rest_route=\/wp\/v2\/media\/14569"}],"wp:attachment":[{"href":"http:\/\/paroquiagloria.org\/v2\/index.php?rest_route=%2Fwp%2Fv2%2Fmedia&parent=14566"}],"wp:term":[{"taxonomy":"category","embeddable":true,"href":"http:\/\/paroquiagloria.org\/v2\/index.php?rest_route=%2Fwp%2Fv2%2Fcategories&post=14566"},{"taxonomy":"post_tag","embeddable":true,"href":"http:\/\/paroquiagloria.org\/v2\/index.php?rest_route=%2Fwp%2Fv2%2Ftags&post=14566"}],"curies":[{"name":"wp","href":"https:\/\/api.w.org\/{rel}","templated":true}]}}