{"id":14564,"date":"2026-03-07T18:53:04","date_gmt":"2026-03-07T18:53:04","guid":{"rendered":"http:\/\/paroquiagloria.org\/v2\/?p=14564"},"modified":"2026-03-07T18:53:07","modified_gmt":"2026-03-07T18:53:07","slug":"dois-dedos-de-liturgia-130","status":"publish","type":"post","link":"http:\/\/paroquiagloria.org\/v2\/?p=14564","title":{"rendered":"Dois Dedos de Liturgia [130]"},"content":{"rendered":"\n<figure class=\"wp-block-image size-full\"><a href=\"http:\/\/paroquiagloria.org\/v2\/wp-content\/uploads\/2025\/10\/banner_liturgia-viva.jpg\"><img loading=\"lazy\" width=\"960\" height=\"450\" src=\"http:\/\/paroquiagloria.org\/v2\/wp-content\/uploads\/2025\/10\/banner_liturgia-viva.jpg\" alt=\"\" class=\"wp-image-14061\" srcset=\"http:\/\/paroquiagloria.org\/v2\/wp-content\/uploads\/2025\/10\/banner_liturgia-viva.jpg 960w, http:\/\/paroquiagloria.org\/v2\/wp-content\/uploads\/2025\/10\/banner_liturgia-viva-300x141.jpg 300w, http:\/\/paroquiagloria.org\/v2\/wp-content\/uploads\/2025\/10\/banner_liturgia-viva-768x360.jpg 768w\" sizes=\"(max-width: 960px) 100vw, 960px\" \/><\/a><\/figure>\n\n\n\n<p>A arte de bem cele<strong>brar<\/strong><\/p>\n\n\n\n<ol start=\"18\"><li>A Liturgia, como indica a etimologia da palavra, \u00e9 a\u00e7\u00e3o. N\u00e3o s\u00f3 se educa \u00e0 Liturgia, mas a Liturgia educa a partir dela mesma, endere\u00e7ando-se mais \u00e0 corporeidade que \u00e0 racionalidade, como uma sinergia de toda a pessoa com todas as suas capacidades, enquanto celebra e reza. A forma\u00e7\u00e3o lit\u00fargica acontece na participa\u00e7\u00e3o. A pr\u00f3pria celebra\u00e7\u00e3o \u00e9 a escola mais eficaz da forma\u00e7\u00e3o lit\u00fargica. A Liturgia \u00e9 em si mesma mistag\u00f3gica e introduz ao mist\u00e9rio celebrando o pr\u00f3prio mist\u00e9rio. Ela pode converter-se numa escola permanente da f\u00e9 e da ora\u00e7\u00e3o, ou melhor, na primeira escola da f\u00e9, que educa verdadeiramente para o primado da gra\u00e7a. A mistagogia \u00e9, com efeito, o nutrir-se da Liturgia que se celebra e o guiar para o Mist\u00e9rio.<br><em>CEP, Nota Pastoral: Liturgia Viva da Igreja (5 Maio, 2025)<\/em><\/li><\/ol>\n","protected":false},"excerpt":{"rendered":"<p>A arte de bem celebrar A Liturgia, como indica a etimologia da palavra, \u00e9 a\u00e7\u00e3o. N\u00e3o s\u00f3 se educa \u00e0 Liturgia, mas a Liturgia educa a partir dela mesma, endere\u00e7ando-se mais \u00e0 corporeidade que \u00e0 racionalidade, como uma sinergia de toda a pessoa com todas as suas capacidades, enquanto celebra e reza. A forma\u00e7\u00e3o lit\u00fargica [&hellip;]<\/p>\n","protected":false},"author":1,"featured_media":14061,"comment_status":"open","ping_status":"closed","sticky":false,"template":"","format":"standard","meta":{"ngg_post_thumbnail":0},"categories":[1,4,2,6,29],"tags":[],"_links":{"self":[{"href":"http:\/\/paroquiagloria.org\/v2\/index.php?rest_route=\/wp\/v2\/posts\/14564"}],"collection":[{"href":"http:\/\/paroquiagloria.org\/v2\/index.php?rest_route=\/wp\/v2\/posts"}],"about":[{"href":"http:\/\/paroquiagloria.org\/v2\/index.php?rest_route=\/wp\/v2\/types\/post"}],"author":[{"embeddable":true,"href":"http:\/\/paroquiagloria.org\/v2\/index.php?rest_route=\/wp\/v2\/users\/1"}],"replies":[{"embeddable":true,"href":"http:\/\/paroquiagloria.org\/v2\/index.php?rest_route=%2Fwp%2Fv2%2Fcomments&post=14564"}],"version-history":[{"count":1,"href":"http:\/\/paroquiagloria.org\/v2\/index.php?rest_route=\/wp\/v2\/posts\/14564\/revisions"}],"predecessor-version":[{"id":14565,"href":"http:\/\/paroquiagloria.org\/v2\/index.php?rest_route=\/wp\/v2\/posts\/14564\/revisions\/14565"}],"wp:featuredmedia":[{"embeddable":true,"href":"http:\/\/paroquiagloria.org\/v2\/index.php?rest_route=\/wp\/v2\/media\/14061"}],"wp:attachment":[{"href":"http:\/\/paroquiagloria.org\/v2\/index.php?rest_route=%2Fwp%2Fv2%2Fmedia&parent=14564"}],"wp:term":[{"taxonomy":"category","embeddable":true,"href":"http:\/\/paroquiagloria.org\/v2\/index.php?rest_route=%2Fwp%2Fv2%2Fcategories&post=14564"},{"taxonomy":"post_tag","embeddable":true,"href":"http:\/\/paroquiagloria.org\/v2\/index.php?rest_route=%2Fwp%2Fv2%2Ftags&post=14564"}],"curies":[{"name":"wp","href":"https:\/\/api.w.org\/{rel}","templated":true}]}}