{"id":14555,"date":"2026-03-07T18:41:55","date_gmt":"2026-03-07T18:41:55","guid":{"rendered":"http:\/\/paroquiagloria.org\/v2\/?p=14555"},"modified":"2026-03-07T18:41:57","modified_gmt":"2026-03-07T18:41:57","slug":"adav-caminhada-solidaria-pela-vida","status":"publish","type":"post","link":"http:\/\/paroquiagloria.org\/v2\/?p=14555","title":{"rendered":"ADAV &#8211; Caminhada Solid\u00e1ria pela Vida"},"content":{"rendered":"\n<div class=\"wp-block-image\"><figure class=\"aligncenter size-large\"><a href=\"http:\/\/paroquiagloria.org\/v2\/wp-content\/uploads\/2026\/03\/cartaz_8CaminhadaSolid_VIDA.jpg\"><img loading=\"lazy\" width=\"724\" height=\"1024\" src=\"http:\/\/paroquiagloria.org\/v2\/wp-content\/uploads\/2026\/03\/cartaz_8CaminhadaSolid_VIDA-724x1024.jpg\" alt=\"\" class=\"wp-image-14556\" srcset=\"http:\/\/paroquiagloria.org\/v2\/wp-content\/uploads\/2026\/03\/cartaz_8CaminhadaSolid_VIDA-724x1024.jpg 724w, http:\/\/paroquiagloria.org\/v2\/wp-content\/uploads\/2026\/03\/cartaz_8CaminhadaSolid_VIDA-212x300.jpg 212w, http:\/\/paroquiagloria.org\/v2\/wp-content\/uploads\/2026\/03\/cartaz_8CaminhadaSolid_VIDA-768x1086.jpg 768w, http:\/\/paroquiagloria.org\/v2\/wp-content\/uploads\/2026\/03\/cartaz_8CaminhadaSolid_VIDA-1086x1536.jpg 1086w, http:\/\/paroquiagloria.org\/v2\/wp-content\/uploads\/2026\/03\/cartaz_8CaminhadaSolid_VIDA-1448x2048.jpg 1448w, http:\/\/paroquiagloria.org\/v2\/wp-content\/uploads\/2026\/03\/cartaz_8CaminhadaSolid_VIDA.jpg 1587w\" sizes=\"(max-width: 724px) 100vw, 724px\" \/><\/a><\/figure><\/div>\n\n\n\n<p>Este ano, a 8\u00aa \u00abCaminhada Solid\u00e1ria pela Vida\u00bb realiza-se no dia 21 de mar\u00e7o, com concentra\u00e7\u00e3o \u00e0s 14h00, no Largo do Mercado Manuel Firmino. O valor da inscri\u00e7\u00e3o \u00e9 de 5Eur e pode ser realizada via <a rel=\"noreferrer noopener\" href=\"http:\/\/www.facebook.com\/adav-aveiro-ipss\" data-type=\"URL\" data-id=\"www.facebook.com\/adav-aveiro-ipss\" target=\"_blank\">www.facebook.com\/adav-aveiro-ipss<\/a> ou via adavaveiro@gmail.com<\/p>\n\n\n\n<div class=\"wp-block-image\"><figure class=\"aligncenter size-large\"><a href=\"http:\/\/paroquiagloria.org\/v2\/wp-content\/uploads\/2026\/03\/IMG-20260306-WA0002.jpg\"><img loading=\"lazy\" width=\"410\" height=\"1024\" src=\"http:\/\/paroquiagloria.org\/v2\/wp-content\/uploads\/2026\/03\/IMG-20260306-WA0002-410x1024.jpg\" alt=\"\" class=\"wp-image-14557\" srcset=\"http:\/\/paroquiagloria.org\/v2\/wp-content\/uploads\/2026\/03\/IMG-20260306-WA0002-410x1024.jpg 410w, http:\/\/paroquiagloria.org\/v2\/wp-content\/uploads\/2026\/03\/IMG-20260306-WA0002-120x300.jpg 120w, http:\/\/paroquiagloria.org\/v2\/wp-content\/uploads\/2026\/03\/IMG-20260306-WA0002.jpg 640w\" sizes=\"(max-width: 410px) 100vw, 410px\" \/><\/a><\/figure><\/div>\n","protected":false},"excerpt":{"rendered":"<p>Este ano, a 8\u00aa \u00abCaminhada Solid\u00e1ria pela Vida\u00bb realiza-se no dia 21 de mar\u00e7o, com concentra\u00e7\u00e3o \u00e0s 14h00, no Largo do Mercado Manuel Firmino. O valor da inscri\u00e7\u00e3o \u00e9 de 5Eur e pode ser realizada via www.facebook.com\/adav-aveiro-ipss ou via adavaveiro@gmail.com<\/p>\n","protected":false},"author":1,"featured_media":14558,"comment_status":"open","ping_status":"closed","sticky":false,"template":"","format":"standard","meta":{"ngg_post_thumbnail":0},"categories":[1,4,2],"tags":[],"_links":{"self":[{"href":"http:\/\/paroquiagloria.org\/v2\/index.php?rest_route=\/wp\/v2\/posts\/14555"}],"collection":[{"href":"http:\/\/paroquiagloria.org\/v2\/index.php?rest_route=\/wp\/v2\/posts"}],"about":[{"href":"http:\/\/paroquiagloria.org\/v2\/index.php?rest_route=\/wp\/v2\/types\/post"}],"author":[{"embeddable":true,"href":"http:\/\/paroquiagloria.org\/v2\/index.php?rest_route=\/wp\/v2\/users\/1"}],"replies":[{"embeddable":true,"href":"http:\/\/paroquiagloria.org\/v2\/index.php?rest_route=%2Fwp%2Fv2%2Fcomments&post=14555"}],"version-history":[{"count":1,"href":"http:\/\/paroquiagloria.org\/v2\/index.php?rest_route=\/wp\/v2\/posts\/14555\/revisions"}],"predecessor-version":[{"id":14559,"href":"http:\/\/paroquiagloria.org\/v2\/index.php?rest_route=\/wp\/v2\/posts\/14555\/revisions\/14559"}],"wp:featuredmedia":[{"embeddable":true,"href":"http:\/\/paroquiagloria.org\/v2\/index.php?rest_route=\/wp\/v2\/media\/14558"}],"wp:attachment":[{"href":"http:\/\/paroquiagloria.org\/v2\/index.php?rest_route=%2Fwp%2Fv2%2Fmedia&parent=14555"}],"wp:term":[{"taxonomy":"category","embeddable":true,"href":"http:\/\/paroquiagloria.org\/v2\/index.php?rest_route=%2Fwp%2Fv2%2Fcategories&post=14555"},{"taxonomy":"post_tag","embeddable":true,"href":"http:\/\/paroquiagloria.org\/v2\/index.php?rest_route=%2Fwp%2Fv2%2Ftags&post=14555"}],"curies":[{"name":"wp","href":"https:\/\/api.w.org\/{rel}","templated":true}]}}