{"id":13780,"date":"2025-05-10T17:55:37","date_gmt":"2025-05-10T17:55:37","guid":{"rendered":"http:\/\/paroquiagloria.org\/v2\/?p=13780"},"modified":"2025-05-10T17:55:38","modified_gmt":"2025-05-10T17:55:38","slug":"15-de-junho-de-2025dia-da-comunidade-paroquial","status":"publish","type":"post","link":"http:\/\/paroquiagloria.org\/v2\/?p=13780","title":{"rendered":"15 de Junho de 2025<br>Dia da Comunidade Paroquial"},"content":{"rendered":"\n<figure class=\"wp-block-image size-full\"><a href=\"http:\/\/paroquiagloria.org\/v2\/wp-content\/uploads\/2016\/12\/banner_liturgia.jpg\"><img loading=\"lazy\" width=\"960\" height=\"450\" src=\"http:\/\/paroquiagloria.org\/v2\/wp-content\/uploads\/2016\/12\/banner_liturgia.jpg\" alt=\"\" class=\"wp-image-5095\" srcset=\"http:\/\/paroquiagloria.org\/v2\/wp-content\/uploads\/2016\/12\/banner_liturgia.jpg 960w, http:\/\/paroquiagloria.org\/v2\/wp-content\/uploads\/2016\/12\/banner_liturgia-300x141.jpg 300w\" sizes=\"(max-width: 960px) 100vw, 960px\" \/><\/a><\/figure>\n\n\n\n<p>No pret\u00e9rito dia 29 de Abril, a Equipa Paroquial de Liturgia, sob presid\u00eancia do Sr. Pe. Fausto, reuniu com os respons\u00e1veis\/animadores\/regentes de v\u00e1rios grupos corais que animam as diversas celebra\u00e7\u00f5es dominicais, na nossa Igreja Paroquial, com vista a preparar a celebra\u00e7\u00e3o do \u201cDia da Comunidade Paroquial\u201d, que decorrer\u00e1 no Santu\u00e1rio de Nossa Senhora de Vagos, no pr\u00f3ximo dia 15 de Junho. Para melhor preparar os c\u00e2nticos desta celebra\u00e7\u00e3o, ficam convidadas\/convocadas todas as pessoas, especialmente aquelas que tocam ou cantam nos diversos grupos corais da par\u00f3quia, para os ensaios que ficaram agendados para os dias seguintes, na Igreja Paroquial-S\u00e9:<\/p>\n\n\n\n<ul><li>17 de Maio \u00e0s 21h00<\/li><li>25 de Maio \u00e0s 21h00<\/li><li>1 de Junho \u00e0s 21h00<\/li><li>7 de Junho \u00e0s 21h00<\/li><\/ul>\n\n\n\n<p class=\"has-text-align-right\">E<em>quipa Paroquial de Liturgia<\/em><\/p>\n","protected":false},"excerpt":{"rendered":"<p>No pret\u00e9rito dia 29 de Abril, a Equipa Paroquial de Liturgia, sob presid\u00eancia do Sr. Pe. Fausto, reuniu com os respons\u00e1veis\/animadores\/regentes de v\u00e1rios grupos corais que animam as diversas celebra\u00e7\u00f5es dominicais, na nossa Igreja Paroquial, com vista a preparar a celebra\u00e7\u00e3o do \u201cDia da Comunidade Paroquial\u201d, que decorrer\u00e1 no Santu\u00e1rio de Nossa Senhora de Vagos, [&hellip;]<\/p>\n","protected":false},"author":1,"featured_media":5483,"comment_status":"open","ping_status":"closed","sticky":false,"template":"","format":"standard","meta":{"ngg_post_thumbnail":0},"categories":[1,4,2,6,28],"tags":[],"_links":{"self":[{"href":"http:\/\/paroquiagloria.org\/v2\/index.php?rest_route=\/wp\/v2\/posts\/13780"}],"collection":[{"href":"http:\/\/paroquiagloria.org\/v2\/index.php?rest_route=\/wp\/v2\/posts"}],"about":[{"href":"http:\/\/paroquiagloria.org\/v2\/index.php?rest_route=\/wp\/v2\/types\/post"}],"author":[{"embeddable":true,"href":"http:\/\/paroquiagloria.org\/v2\/index.php?rest_route=\/wp\/v2\/users\/1"}],"replies":[{"embeddable":true,"href":"http:\/\/paroquiagloria.org\/v2\/index.php?rest_route=%2Fwp%2Fv2%2Fcomments&post=13780"}],"version-history":[{"count":1,"href":"http:\/\/paroquiagloria.org\/v2\/index.php?rest_route=\/wp\/v2\/posts\/13780\/revisions"}],"predecessor-version":[{"id":13781,"href":"http:\/\/paroquiagloria.org\/v2\/index.php?rest_route=\/wp\/v2\/posts\/13780\/revisions\/13781"}],"wp:featuredmedia":[{"embeddable":true,"href":"http:\/\/paroquiagloria.org\/v2\/index.php?rest_route=\/wp\/v2\/media\/5483"}],"wp:attachment":[{"href":"http:\/\/paroquiagloria.org\/v2\/index.php?rest_route=%2Fwp%2Fv2%2Fmedia&parent=13780"}],"wp:term":[{"taxonomy":"category","embeddable":true,"href":"http:\/\/paroquiagloria.org\/v2\/index.php?rest_route=%2Fwp%2Fv2%2Fcategories&post=13780"},{"taxonomy":"post_tag","embeddable":true,"href":"http:\/\/paroquiagloria.org\/v2\/index.php?rest_route=%2Fwp%2Fv2%2Ftags&post=13780"}],"curies":[{"name":"wp","href":"https:\/\/api.w.org\/{rel}","templated":true}]}}