{"id":12677,"date":"2024-05-25T19:19:01","date_gmt":"2024-05-25T19:19:01","guid":{"rendered":"https:\/\/paroquiagloria.org\/v2\/?p=12677"},"modified":"2024-05-25T19:19:03","modified_gmt":"2024-05-25T19:19:03","slug":"30-maiosolenidade-do-corpo-de-deus","status":"publish","type":"post","link":"http:\/\/paroquiagloria.org\/v2\/?p=12677","title":{"rendered":"30.Maio<br>Solenidade do Corpo de Deus"},"content":{"rendered":"\n<div class=\"wp-block-image\"><figure class=\"aligncenter size-large\"><a href=\"http:\/\/paroquiagloria.org\/v2\/wp-content\/uploads\/2024\/05\/CorpodeDeus2024.jpg\"><img loading=\"lazy\" width=\"724\" height=\"1024\" src=\"http:\/\/paroquiagloria.org\/v2\/wp-content\/uploads\/2024\/05\/CorpodeDeus2024-724x1024.jpg\" alt=\"\" class=\"wp-image-12669\" srcset=\"http:\/\/paroquiagloria.org\/v2\/wp-content\/uploads\/2024\/05\/CorpodeDeus2024-724x1024.jpg 724w, http:\/\/paroquiagloria.org\/v2\/wp-content\/uploads\/2024\/05\/CorpodeDeus2024-212x300.jpg 212w, http:\/\/paroquiagloria.org\/v2\/wp-content\/uploads\/2024\/05\/CorpodeDeus2024-768x1086.jpg 768w, http:\/\/paroquiagloria.org\/v2\/wp-content\/uploads\/2024\/05\/CorpodeDeus2024-1086x1536.jpg 1086w, http:\/\/paroquiagloria.org\/v2\/wp-content\/uploads\/2024\/05\/CorpodeDeus2024.jpg 1448w\" sizes=\"(max-width: 724px) 100vw, 724px\" \/><\/a><\/figure><\/div>\n\n\n\n<p>Na pr\u00f3xima quinta-feira, dia 30 de Maio, celebramos a Solenidade do Sant\u00edssimo Corpo e Sangue de Cristo.<br>Como habitualmente, teremos a celebra\u00e7\u00e3o Arciprestal, na S\u00e9, \u00e0s 16h00 seguida da Prociss\u00e3o Eucar\u00edstica, por volta das 17h00, at\u00e9 \u00e0 Igreja da Vera Cruz, com o seguinte percurso: <em>Adro da S\u00e9, Rua Batalh\u00e3o Ca\u00e7adores Dez; Rua Dr. Nascimento Leit\u00e3o; Rua Combatentes da Grande Guerra; Rua Coimbra; Pra\u00e7a Gen. Humberto Delgado; Rua Viana do Castelo; Rua Jos\u00e9 Est\u00eav\u00e3o e Largo da Apresenta\u00e7\u00e3o<\/em>. Onde terminar\u00e1 com a B\u00ean\u00e7\u00e3o do Sant\u00edssimo Sacramento.<\/p>\n","protected":false},"excerpt":{"rendered":"<p>Na pr\u00f3xima quinta-feira, dia 30 de Maio, celebramos a Solenidade do Sant\u00edssimo Corpo e Sangue de Cristo.Como habitualmente, teremos a celebra\u00e7\u00e3o Arciprestal, na S\u00e9, \u00e0s 16h00 seguida da Prociss\u00e3o Eucar\u00edstica, por volta das 17h00, at\u00e9 \u00e0 Igreja da Vera Cruz, com o seguinte percurso: Adro da S\u00e9, Rua Batalh\u00e3o Ca\u00e7adores Dez; Rua Dr. Nascimento Leit\u00e3o; [&hellip;]<\/p>\n","protected":false},"author":1,"featured_media":12665,"comment_status":"open","ping_status":"closed","sticky":false,"template":"","format":"standard","meta":{"ngg_post_thumbnail":0},"categories":[1,4,2,27],"tags":[],"_links":{"self":[{"href":"http:\/\/paroquiagloria.org\/v2\/index.php?rest_route=\/wp\/v2\/posts\/12677"}],"collection":[{"href":"http:\/\/paroquiagloria.org\/v2\/index.php?rest_route=\/wp\/v2\/posts"}],"about":[{"href":"http:\/\/paroquiagloria.org\/v2\/index.php?rest_route=\/wp\/v2\/types\/post"}],"author":[{"embeddable":true,"href":"http:\/\/paroquiagloria.org\/v2\/index.php?rest_route=\/wp\/v2\/users\/1"}],"replies":[{"embeddable":true,"href":"http:\/\/paroquiagloria.org\/v2\/index.php?rest_route=%2Fwp%2Fv2%2Fcomments&post=12677"}],"version-history":[{"count":1,"href":"http:\/\/paroquiagloria.org\/v2\/index.php?rest_route=\/wp\/v2\/posts\/12677\/revisions"}],"predecessor-version":[{"id":12678,"href":"http:\/\/paroquiagloria.org\/v2\/index.php?rest_route=\/wp\/v2\/posts\/12677\/revisions\/12678"}],"wp:featuredmedia":[{"embeddable":true,"href":"http:\/\/paroquiagloria.org\/v2\/index.php?rest_route=\/wp\/v2\/media\/12665"}],"wp:attachment":[{"href":"http:\/\/paroquiagloria.org\/v2\/index.php?rest_route=%2Fwp%2Fv2%2Fmedia&parent=12677"}],"wp:term":[{"taxonomy":"category","embeddable":true,"href":"http:\/\/paroquiagloria.org\/v2\/index.php?rest_route=%2Fwp%2Fv2%2Fcategories&post=12677"},{"taxonomy":"post_tag","embeddable":true,"href":"http:\/\/paroquiagloria.org\/v2\/index.php?rest_route=%2Fwp%2Fv2%2Ftags&post=12677"}],"curies":[{"name":"wp","href":"https:\/\/api.w.org\/{rel}","templated":true}]}}