{"id":12609,"date":"2024-05-05T10:47:44","date_gmt":"2024-05-05T10:47:44","guid":{"rendered":"http:\/\/paroquiagloria.org\/v2\/?p=12609"},"modified":"2024-05-05T10:47:45","modified_gmt":"2024-05-05T10:47:45","slug":"relatorio-liberdade-religiosa-no-mundo","status":"publish","type":"post","link":"http:\/\/paroquiagloria.org\/v2\/?p=12609","title":{"rendered":"Relat\u00f3rio: \u201cLiberdade Religiosa no Mundo\u201d"},"content":{"rendered":"\n<div class=\"wp-block-image\"><figure class=\"aligncenter size-full\"><a href=\"http:\/\/paroquiagloria.org\/v2\/wp-content\/uploads\/2024\/05\/Cartaz-_Aveiro_v02-725x1024-1.jpg\"><img loading=\"lazy\" width=\"725\" height=\"1024\" src=\"http:\/\/paroquiagloria.org\/v2\/wp-content\/uploads\/2024\/05\/Cartaz-_Aveiro_v02-725x1024-1.jpg\" alt=\"\" class=\"wp-image-12602\" srcset=\"http:\/\/paroquiagloria.org\/v2\/wp-content\/uploads\/2024\/05\/Cartaz-_Aveiro_v02-725x1024-1.jpg 725w, http:\/\/paroquiagloria.org\/v2\/wp-content\/uploads\/2024\/05\/Cartaz-_Aveiro_v02-725x1024-1-212x300.jpg 212w\" sizes=\"(max-width: 725px) 100vw, 725px\" \/><\/a><\/figure><\/div>\n\n\n\n<p>A Funda\u00e7\u00e3o Ajuda a Igreja que Sofre [AIS] apresentar\u00e1 no pr\u00f3ximo dia 16 de Maio, pelas 21h30 no Semin\u00e1rio de Aveiro, o Relat\u00f3rio Liberdade Religiosa no Mundo que analisa o per\u00edodo de dois anos entre janeiro de 2021 e dezembro de 2022.<br>A liberdade de pensamento, de consci\u00eancia e de religi\u00e3o \u00e9 um direto humano fundamental que tem enfrentado desafios significativos em todo o mundo\u2026<br>Esta apresenta\u00e7\u00e3o, conjunta com a Comiss\u00e3o Diocesana da Cultura e a Comiss\u00e3o Diocesana Justi\u00e7a e Paz, ter\u00e1 como intervenientes D. Ant\u00f3nio Moiteiro, Bispo de Aveiro, Catarina Martins de Bettencourt, diretora da Funda\u00e7\u00e3o AIS e Paulo Aido, jornalista da Funda\u00e7\u00e3o AIS.<\/p>\n\n\n\n<p><a href=\"https:\/\/diocese-aveiro.pt\/v3\/2024\/04\/23\/apresentacao-do-relatorio-liberdade-religiosa-no-mundo\/\" data-type=\"URL\" data-id=\"https:\/\/diocese-aveiro.pt\/v3\/2024\/04\/23\/apresentacao-do-relatorio-liberdade-religiosa-no-mundo\/\" target=\"_blank\" rel=\"noreferrer noopener\">MAIS INFORMA\u00c7\u00d4ES NA P\u00c1GINA DA DIOCESE DE AVEIRO<\/a><\/p>\n","protected":false},"excerpt":{"rendered":"<p>A Funda\u00e7\u00e3o Ajuda a Igreja que Sofre [AIS] apresentar\u00e1 no pr\u00f3ximo dia 16 de Maio, pelas 21h30 no Semin\u00e1rio de Aveiro, o Relat\u00f3rio Liberdade Religiosa no Mundo que analisa o per\u00edodo de dois anos entre janeiro de 2021 e dezembro de 2022.A liberdade de pensamento, de consci\u00eancia e de religi\u00e3o \u00e9 um direto humano fundamental [&hellip;]<\/p>\n","protected":false},"author":1,"featured_media":12600,"comment_status":"open","ping_status":"closed","sticky":false,"template":"","format":"standard","meta":{"ngg_post_thumbnail":0},"categories":[1,4,2,27],"tags":[],"_links":{"self":[{"href":"http:\/\/paroquiagloria.org\/v2\/index.php?rest_route=\/wp\/v2\/posts\/12609"}],"collection":[{"href":"http:\/\/paroquiagloria.org\/v2\/index.php?rest_route=\/wp\/v2\/posts"}],"about":[{"href":"http:\/\/paroquiagloria.org\/v2\/index.php?rest_route=\/wp\/v2\/types\/post"}],"author":[{"embeddable":true,"href":"http:\/\/paroquiagloria.org\/v2\/index.php?rest_route=\/wp\/v2\/users\/1"}],"replies":[{"embeddable":true,"href":"http:\/\/paroquiagloria.org\/v2\/index.php?rest_route=%2Fwp%2Fv2%2Fcomments&post=12609"}],"version-history":[{"count":1,"href":"http:\/\/paroquiagloria.org\/v2\/index.php?rest_route=\/wp\/v2\/posts\/12609\/revisions"}],"predecessor-version":[{"id":12610,"href":"http:\/\/paroquiagloria.org\/v2\/index.php?rest_route=\/wp\/v2\/posts\/12609\/revisions\/12610"}],"wp:featuredmedia":[{"embeddable":true,"href":"http:\/\/paroquiagloria.org\/v2\/index.php?rest_route=\/wp\/v2\/media\/12600"}],"wp:attachment":[{"href":"http:\/\/paroquiagloria.org\/v2\/index.php?rest_route=%2Fwp%2Fv2%2Fmedia&parent=12609"}],"wp:term":[{"taxonomy":"category","embeddable":true,"href":"http:\/\/paroquiagloria.org\/v2\/index.php?rest_route=%2Fwp%2Fv2%2Fcategories&post=12609"},{"taxonomy":"post_tag","embeddable":true,"href":"http:\/\/paroquiagloria.org\/v2\/index.php?rest_route=%2Fwp%2Fv2%2Ftags&post=12609"}],"curies":[{"name":"wp","href":"https:\/\/api.w.org\/{rel}","templated":true}]}}