{"id":12510,"date":"2024-04-14T15:49:17","date_gmt":"2024-04-14T15:49:17","guid":{"rendered":"https:\/\/paroquiagloria.org\/v2\/?p=12510"},"modified":"2024-04-14T15:49:19","modified_gmt":"2024-04-14T15:49:19","slug":"concerto-jubilar","status":"publish","type":"post","link":"http:\/\/paroquiagloria.org\/v2\/?p=12510","title":{"rendered":"Concerto Jubilar"},"content":{"rendered":"\n<div class=\"wp-block-image\"><figure class=\"aligncenter size-large\"><a href=\"http:\/\/paroquiagloria.org\/v2\/wp-content\/uploads\/2024\/04\/Jubileu600_Cultural_19Abr.jpg\"><img loading=\"lazy\" width=\"1024\" height=\"824\" src=\"http:\/\/paroquiagloria.org\/v2\/wp-content\/uploads\/2024\/04\/Jubileu600_Cultural_19Abr-1024x824.jpg\" alt=\"\" class=\"wp-image-12490\" srcset=\"http:\/\/paroquiagloria.org\/v2\/wp-content\/uploads\/2024\/04\/Jubileu600_Cultural_19Abr-1024x824.jpg 1024w, http:\/\/paroquiagloria.org\/v2\/wp-content\/uploads\/2024\/04\/Jubileu600_Cultural_19Abr-300x241.jpg 300w, http:\/\/paroquiagloria.org\/v2\/wp-content\/uploads\/2024\/04\/Jubileu600_Cultural_19Abr-768x618.jpg 768w, http:\/\/paroquiagloria.org\/v2\/wp-content\/uploads\/2024\/04\/Jubileu600_Cultural_19Abr.jpg 1046w\" sizes=\"(max-width: 1024px) 100vw, 1024px\" \/><\/a><\/figure><\/div>\n\n\n\n<p>No pr\u00f3ximo dia 19 de abril, decorre o \u00faltimo concerto do CATEDRAV, integrado no programa cultural das<br>Comemora\u00e7\u00f5es do Jubileu da Catedral.<br>Ser\u00e1 \u00e0s 21h em Albergaria-a-Velha. <\/p>\n\n\n\n<p>Acompanhe o Jubileu da Catedral <a href=\"https:\/\/diocese-aveiro.pt\/jubileudacatedraldeaveiro\/\" data-type=\"URL\" data-id=\"https:\/\/diocese-aveiro.pt\/jubileudacatedraldeaveiro\/\" target=\"_blank\" rel=\"noreferrer noopener\">AQUI<\/a><\/p>\n","protected":false},"excerpt":{"rendered":"<p>No pr\u00f3ximo dia 19 de abril, decorre o \u00faltimo concerto do CATEDRAV, integrado no programa cultural dasComemora\u00e7\u00f5es do Jubileu da Catedral.Ser\u00e1 \u00e0s 21h em Albergaria-a-Velha. Acompanhe o Jubileu da Catedral AQUI<\/p>\n","protected":false},"author":1,"featured_media":12489,"comment_status":"open","ping_status":"closed","sticky":false,"template":"","format":"standard","meta":{"ngg_post_thumbnail":0},"categories":[1,4,2,27],"tags":[],"_links":{"self":[{"href":"http:\/\/paroquiagloria.org\/v2\/index.php?rest_route=\/wp\/v2\/posts\/12510"}],"collection":[{"href":"http:\/\/paroquiagloria.org\/v2\/index.php?rest_route=\/wp\/v2\/posts"}],"about":[{"href":"http:\/\/paroquiagloria.org\/v2\/index.php?rest_route=\/wp\/v2\/types\/post"}],"author":[{"embeddable":true,"href":"http:\/\/paroquiagloria.org\/v2\/index.php?rest_route=\/wp\/v2\/users\/1"}],"replies":[{"embeddable":true,"href":"http:\/\/paroquiagloria.org\/v2\/index.php?rest_route=%2Fwp%2Fv2%2Fcomments&post=12510"}],"version-history":[{"count":1,"href":"http:\/\/paroquiagloria.org\/v2\/index.php?rest_route=\/wp\/v2\/posts\/12510\/revisions"}],"predecessor-version":[{"id":12511,"href":"http:\/\/paroquiagloria.org\/v2\/index.php?rest_route=\/wp\/v2\/posts\/12510\/revisions\/12511"}],"wp:featuredmedia":[{"embeddable":true,"href":"http:\/\/paroquiagloria.org\/v2\/index.php?rest_route=\/wp\/v2\/media\/12489"}],"wp:attachment":[{"href":"http:\/\/paroquiagloria.org\/v2\/index.php?rest_route=%2Fwp%2Fv2%2Fmedia&parent=12510"}],"wp:term":[{"taxonomy":"category","embeddable":true,"href":"http:\/\/paroquiagloria.org\/v2\/index.php?rest_route=%2Fwp%2Fv2%2Fcategories&post=12510"},{"taxonomy":"post_tag","embeddable":true,"href":"http:\/\/paroquiagloria.org\/v2\/index.php?rest_route=%2Fwp%2Fv2%2Ftags&post=12510"}],"curies":[{"name":"wp","href":"https:\/\/api.w.org\/{rel}","templated":true}]}}