{"id":11770,"date":"2023-06-24T18:25:42","date_gmt":"2023-06-24T18:25:42","guid":{"rendered":"http:\/\/paroquiagloria.org\/v2\/?p=11770"},"modified":"2023-06-24T18:25:43","modified_gmt":"2023-06-24T18:25:43","slug":"faltam-menos-de-40-dias","status":"publish","type":"post","link":"http:\/\/paroquiagloria.org\/v2\/?p=11770","title":{"rendered":"Faltam menos de 40 dias!"},"content":{"rendered":"\n<div class=\"wp-block-image\"><figure class=\"aligncenter size-full\"><a href=\"http:\/\/paroquiagloria.org\/v2\/wp-content\/uploads\/2013\/02\/banner_JMJ23.jpg\"><img loading=\"lazy\" width=\"960\" height=\"450\" src=\"http:\/\/paroquiagloria.org\/v2\/wp-content\/uploads\/2013\/02\/banner_JMJ23.jpg\" alt=\"\" class=\"wp-image-9037\" srcset=\"http:\/\/paroquiagloria.org\/v2\/wp-content\/uploads\/2013\/02\/banner_JMJ23.jpg 960w, http:\/\/paroquiagloria.org\/v2\/wp-content\/uploads\/2013\/02\/banner_JMJ23-300x141.jpg 300w\" sizes=\"(max-width: 960px) 100vw, 960px\" \/><\/a><\/figure><\/div>\n\n\n\n<p>Se at\u00e9 h\u00e1 pouco cont\u00e1vamos os meses que faltavam para a JMJ Lisboa 2023, neste momento j\u00e1 nem vale a pena contar as semanas (s\u00e3o j\u00e1 muito poucas) e ent\u00e3o contamos os dias para este grande momento da Igreja em Portugal e no mundo.<br>Todos podemos estar comprometidos, sejamos peregrinos (participantes) JMJ ou n\u00e3o. S\u00e3o in\u00fameras as formas de acompanharmos todos estes jovens que peregrinam at\u00e9 \u00e0 nossa par\u00f3quia, \u00e0 nossa rua e, em muitos casos, at\u00e9 nossas casas.<br>N\u00e3o podemos perder esta oportunidade!<\/p>\n\n\n\n<p><\/p>\n\n\n\n<h2>Mensagem Papa Francisco<\/h2>\n\n\n\n<p>Depois da interven\u00e7\u00e3o a que o Santo padre foi sujeito no dia 07 de junho, numa mensagem de v\u00eddeo afirma que \u201cest\u00e1 preparado para vir \u00e0 JMJ Lisboa 2023 e que tem muita vontade de vir\u201d. O Papa Francisco disse ainda aos jovens que \u201cn\u00e3o devem dar \u201cimport\u00e2ncia\u201d a quem reduz \u201ca vida a ideias\u201d, valorizou a \u201ca alegria do encontro\u201d a partir de \u201ctr\u00eas linguagens da vida\u201d.<br><em>\u201cA linguagem da cabe\u00e7a. A linguagem do cora\u00e7\u00e3o. A linguagem das m\u00e3os. A linguagem da cabe\u00e7a para pensar claramente o que sentimos e o que fazemos. A linguagem do cora\u00e7\u00e3o para sentir bem profundamente o que pensamos e o que fazemos. E a linguagem das m\u00e3os para fazer com efic\u00e1cia o que sentimos e o que pensamos\u201d<\/em>, afirmou.<\/p>\n","protected":false},"excerpt":{"rendered":"<p>Se at\u00e9 h\u00e1 pouco cont\u00e1vamos os meses que faltavam para a JMJ Lisboa 2023, neste momento j\u00e1 nem vale a pena contar as semanas (s\u00e3o j\u00e1 muito poucas) e ent\u00e3o contamos os dias para este grande momento da Igreja em Portugal e no mundo.Todos podemos estar comprometidos, sejamos peregrinos (participantes) JMJ ou n\u00e3o. S\u00e3o in\u00fameras [&hellip;]<\/p>\n","protected":false},"author":1,"featured_media":9037,"comment_status":"open","ping_status":"closed","sticky":false,"template":"","format":"standard","meta":{"ngg_post_thumbnail":0},"categories":[1,4,2,6,26],"tags":[],"_links":{"self":[{"href":"http:\/\/paroquiagloria.org\/v2\/index.php?rest_route=\/wp\/v2\/posts\/11770"}],"collection":[{"href":"http:\/\/paroquiagloria.org\/v2\/index.php?rest_route=\/wp\/v2\/posts"}],"about":[{"href":"http:\/\/paroquiagloria.org\/v2\/index.php?rest_route=\/wp\/v2\/types\/post"}],"author":[{"embeddable":true,"href":"http:\/\/paroquiagloria.org\/v2\/index.php?rest_route=\/wp\/v2\/users\/1"}],"replies":[{"embeddable":true,"href":"http:\/\/paroquiagloria.org\/v2\/index.php?rest_route=%2Fwp%2Fv2%2Fcomments&post=11770"}],"version-history":[{"count":1,"href":"http:\/\/paroquiagloria.org\/v2\/index.php?rest_route=\/wp\/v2\/posts\/11770\/revisions"}],"predecessor-version":[{"id":11771,"href":"http:\/\/paroquiagloria.org\/v2\/index.php?rest_route=\/wp\/v2\/posts\/11770\/revisions\/11771"}],"wp:featuredmedia":[{"embeddable":true,"href":"http:\/\/paroquiagloria.org\/v2\/index.php?rest_route=\/wp\/v2\/media\/9037"}],"wp:attachment":[{"href":"http:\/\/paroquiagloria.org\/v2\/index.php?rest_route=%2Fwp%2Fv2%2Fmedia&parent=11770"}],"wp:term":[{"taxonomy":"category","embeddable":true,"href":"http:\/\/paroquiagloria.org\/v2\/index.php?rest_route=%2Fwp%2Fv2%2Fcategories&post=11770"},{"taxonomy":"post_tag","embeddable":true,"href":"http:\/\/paroquiagloria.org\/v2\/index.php?rest_route=%2Fwp%2Fv2%2Ftags&post=11770"}],"curies":[{"name":"wp","href":"https:\/\/api.w.org\/{rel}","templated":true}]}}