{"id":11762,"date":"2023-06-24T18:20:11","date_gmt":"2023-06-24T18:20:11","guid":{"rendered":"http:\/\/paroquiagloria.org\/v2\/?p=11762"},"modified":"2023-06-24T18:20:12","modified_gmt":"2023-06-24T18:20:12","slug":"encontro-de-final-de-ano-dos-catequistas-da-adolescencia-e-juventude","status":"publish","type":"post","link":"http:\/\/paroquiagloria.org\/v2\/?p=11762","title":{"rendered":"Encontro de final de ano dos catequistas da adolesc\u00eancia e juventude"},"content":{"rendered":"\n<div class=\"wp-block-image\"><figure class=\"aligncenter size-full\"><a href=\"http:\/\/paroquiagloria.org\/v2\/wp-content\/uploads\/2023\/06\/banner_catequistas.jpg\"><img loading=\"lazy\" width=\"960\" height=\"450\" src=\"http:\/\/paroquiagloria.org\/v2\/wp-content\/uploads\/2023\/06\/banner_catequistas.jpg\" alt=\"\" class=\"wp-image-11755\" srcset=\"http:\/\/paroquiagloria.org\/v2\/wp-content\/uploads\/2023\/06\/banner_catequistas.jpg 960w, http:\/\/paroquiagloria.org\/v2\/wp-content\/uploads\/2023\/06\/banner_catequistas-300x141.jpg 300w, http:\/\/paroquiagloria.org\/v2\/wp-content\/uploads\/2023\/06\/banner_catequistas-768x360.jpg 768w\" sizes=\"(max-width: 960px) 100vw, 960px\" \/><\/a><\/figure><\/div>\n\n\n\n<p>Para marcar a interrup\u00e7\u00e3o das atividades da catequese, os catequistas da adolesc\u00eancia e juventude v\u00e3o ter na pr\u00f3xima 4\u00aa feira um encontro de partilha. Inicia pelas 19h com a Missa, seguido do jantar e tempo de avalia\u00e7\u00e3o.<\/p>\n\n\n\n<p><\/p>\n\n\n\n<figure class=\"wp-block-pullquote\"><blockquote><p><strong>4\u00aa feira, dia 28 de Junho, pelas 19h<\/strong> &#8211; Encontro de final de ano dos catequistas da adolesc\u00eancia e juventude,<\/p><\/blockquote><\/figure>\n","protected":false},"excerpt":{"rendered":"<p>Para marcar a interrup\u00e7\u00e3o das atividades da catequese, os catequistas da adolesc\u00eancia e juventude v\u00e3o ter na pr\u00f3xima 4\u00aa feira um encontro de partilha. Inicia pelas 19h com a Missa, seguido do jantar e tempo de avalia\u00e7\u00e3o. 4\u00aa feira, dia 28 de Junho, pelas 19h &#8211; Encontro de final de ano dos catequistas da adolesc\u00eancia [&hellip;]<\/p>\n","protected":false},"author":1,"featured_media":11755,"comment_status":"open","ping_status":"closed","sticky":false,"template":"","format":"standard","meta":{"ngg_post_thumbnail":0},"categories":[1,4,2,6],"tags":[],"_links":{"self":[{"href":"http:\/\/paroquiagloria.org\/v2\/index.php?rest_route=\/wp\/v2\/posts\/11762"}],"collection":[{"href":"http:\/\/paroquiagloria.org\/v2\/index.php?rest_route=\/wp\/v2\/posts"}],"about":[{"href":"http:\/\/paroquiagloria.org\/v2\/index.php?rest_route=\/wp\/v2\/types\/post"}],"author":[{"embeddable":true,"href":"http:\/\/paroquiagloria.org\/v2\/index.php?rest_route=\/wp\/v2\/users\/1"}],"replies":[{"embeddable":true,"href":"http:\/\/paroquiagloria.org\/v2\/index.php?rest_route=%2Fwp%2Fv2%2Fcomments&post=11762"}],"version-history":[{"count":1,"href":"http:\/\/paroquiagloria.org\/v2\/index.php?rest_route=\/wp\/v2\/posts\/11762\/revisions"}],"predecessor-version":[{"id":11763,"href":"http:\/\/paroquiagloria.org\/v2\/index.php?rest_route=\/wp\/v2\/posts\/11762\/revisions\/11763"}],"wp:featuredmedia":[{"embeddable":true,"href":"http:\/\/paroquiagloria.org\/v2\/index.php?rest_route=\/wp\/v2\/media\/11755"}],"wp:attachment":[{"href":"http:\/\/paroquiagloria.org\/v2\/index.php?rest_route=%2Fwp%2Fv2%2Fmedia&parent=11762"}],"wp:term":[{"taxonomy":"category","embeddable":true,"href":"http:\/\/paroquiagloria.org\/v2\/index.php?rest_route=%2Fwp%2Fv2%2Fcategories&post=11762"},{"taxonomy":"post_tag","embeddable":true,"href":"http:\/\/paroquiagloria.org\/v2\/index.php?rest_route=%2Fwp%2Fv2%2Ftags&post=11762"}],"curies":[{"name":"wp","href":"https:\/\/api.w.org\/{rel}","templated":true}]}}