{"id":11748,"date":"2023-06-17T17:30:46","date_gmt":"2023-06-17T17:30:46","guid":{"rendered":"http:\/\/paroquiagloria.org\/v2\/?p=11748"},"modified":"2023-06-17T17:30:47","modified_gmt":"2023-06-17T17:30:47","slug":"dia-da-igreja-diocesana-4","status":"publish","type":"post","link":"http:\/\/paroquiagloria.org\/v2\/?p=11748","title":{"rendered":"Dia da Igreja Diocesana"},"content":{"rendered":"\n<div class=\"wp-block-image\"><figure class=\"aligncenter size-full\"><a href=\"http:\/\/paroquiagloria.org\/v2\/wp-content\/uploads\/2020\/04\/dioceseAveiro.jpg\"><img loading=\"lazy\" width=\"960\" height=\"450\" src=\"http:\/\/paroquiagloria.org\/v2\/wp-content\/uploads\/2020\/04\/dioceseAveiro.jpg\" alt=\"\" class=\"wp-image-8532\" srcset=\"http:\/\/paroquiagloria.org\/v2\/wp-content\/uploads\/2020\/04\/dioceseAveiro.jpg 960w, http:\/\/paroquiagloria.org\/v2\/wp-content\/uploads\/2020\/04\/dioceseAveiro-300x141.jpg 300w\" sizes=\"(max-width: 960px) 100vw, 960px\" \/><\/a><\/figure><\/div>\n\n\n\n<p>No embalo do <strong>Dia da Igreja Diocesana<\/strong> concretizamos o segundo encontro dos participantes da Diocese de Aveiro que estar\u00e3o na Jornada Mundial da Juventude 2023. Ser\u00e1 no pr\u00f3ximo domingo, <span style=\"text-decoration: underline;\">dia 25 de Junho de 2023, no Santu\u00e1rio de Nossa Senhora de Vagos<\/span><\/p>\n\n\n\n<p><strong><span style=\"text-decoration: underline;\">PROGRAMA <\/span><\/strong>(<span style=\"text-decoration: underline;\">Somente para jovens<\/span>)<br><strong>10H30<\/strong> &#8211; Check-In [Largo da Vista Alegre]<br><strong>10H45 \u00e0s 12H00 &#8211;<\/strong> Momento &#8216;Estamos a Caminho do Maior Encontro de Juventude do Mundo&#8217; com momento de anima\u00e7\u00e3o; Talk&#8217;s Flash; Dicas &amp; Informa\u00e7\u00f5es sobre a JMJ [Largo da Vista Alegre]<br><strong>12H00 &#8211;<\/strong> Caminhada rumo Santu\u00e1rio de Nossa Senhora de Vagos (3,5 Km a p\u00e9)<br><strong>12H45 \u00e0s 14H00 &#8211;<\/strong> Almo\u00e7o Individual [Santu\u00e1rio de Nossa Senhora de Vagos]<\/p>\n\n\n\n<p><span style=\"text-decoration: underline;\">NOTAS IMPORTANTES<\/span>:<br>Cada participante dever\u00e1 trazer, se poss\u00edvel: *um Telem\u00f3vel, uma Caneta, uma Tshirts alusiva \u00e0 JMJ, aos DnD ou a vida Paroquial (exemplo: Tshirt do Grupo de jovens, etc etc,), Sapatilhas para caminhadas e Roupa Confort\u00e1vel, Almo\u00e7o, e Boa Disposi\u00e7\u00e3o!<\/p>\n\n\n\n<p><strong><span style=\"text-decoration: underline;\">PROGRAMA GERAL<\/span><\/strong><br><strong>14H00 \u00e0s 16H00 &#8211;<\/strong> Atividades Diocesanas (a cargo de v\u00e1rios departamentos) [Santu\u00e1rio de Nossa Senhora de Vagos]<br><strong>16H00 &#8211;<\/strong> Eucaristia que inclui a b\u00ean\u00e7\u00e3o das Fam\u00edlias de Acolhimento [santu\u00e1rio de Nossa Senhora de Vagos]<br><strong>17H30 &#8211;<\/strong> Final da atividade<\/p>\n\n\n\n<p class=\"has-vivid-red-color has-text-color\">Para os jovens \u00e9 necess\u00e1ria a inscri\u00e7\u00e3o junto do animador do grupo.<\/p>\n","protected":false},"excerpt":{"rendered":"<p>No embalo do Dia da Igreja Diocesana concretizamos o segundo encontro dos participantes da Diocese de Aveiro que estar\u00e3o na Jornada Mundial da Juventude 2023. Ser\u00e1 no pr\u00f3ximo domingo, dia 25 de Junho de 2023, no Santu\u00e1rio de Nossa Senhora de Vagos PROGRAMA (Somente para jovens)10H30 &#8211; Check-In [Largo da Vista Alegre]10H45 \u00e0s 12H00 &#8211; [&hellip;]<\/p>\n","protected":false},"author":1,"featured_media":8532,"comment_status":"open","ping_status":"closed","sticky":false,"template":"","format":"standard","meta":{"ngg_post_thumbnail":0},"categories":[1,4,2,6,26],"tags":[],"_links":{"self":[{"href":"http:\/\/paroquiagloria.org\/v2\/index.php?rest_route=\/wp\/v2\/posts\/11748"}],"collection":[{"href":"http:\/\/paroquiagloria.org\/v2\/index.php?rest_route=\/wp\/v2\/posts"}],"about":[{"href":"http:\/\/paroquiagloria.org\/v2\/index.php?rest_route=\/wp\/v2\/types\/post"}],"author":[{"embeddable":true,"href":"http:\/\/paroquiagloria.org\/v2\/index.php?rest_route=\/wp\/v2\/users\/1"}],"replies":[{"embeddable":true,"href":"http:\/\/paroquiagloria.org\/v2\/index.php?rest_route=%2Fwp%2Fv2%2Fcomments&post=11748"}],"version-history":[{"count":1,"href":"http:\/\/paroquiagloria.org\/v2\/index.php?rest_route=\/wp\/v2\/posts\/11748\/revisions"}],"predecessor-version":[{"id":11749,"href":"http:\/\/paroquiagloria.org\/v2\/index.php?rest_route=\/wp\/v2\/posts\/11748\/revisions\/11749"}],"wp:featuredmedia":[{"embeddable":true,"href":"http:\/\/paroquiagloria.org\/v2\/index.php?rest_route=\/wp\/v2\/media\/8532"}],"wp:attachment":[{"href":"http:\/\/paroquiagloria.org\/v2\/index.php?rest_route=%2Fwp%2Fv2%2Fmedia&parent=11748"}],"wp:term":[{"taxonomy":"category","embeddable":true,"href":"http:\/\/paroquiagloria.org\/v2\/index.php?rest_route=%2Fwp%2Fv2%2Fcategories&post=11748"},{"taxonomy":"post_tag","embeddable":true,"href":"http:\/\/paroquiagloria.org\/v2\/index.php?rest_route=%2Fwp%2Fv2%2Ftags&post=11748"}],"curies":[{"name":"wp","href":"https:\/\/api.w.org\/{rel}","templated":true}]}}