{"id":11746,"date":"2023-06-17T17:28:04","date_gmt":"2023-06-17T17:28:04","guid":{"rendered":"http:\/\/paroquiagloria.org\/v2\/?p=11746"},"modified":"2023-06-17T17:28:05","modified_gmt":"2023-06-17T17:28:05","slug":"festas-de-verao-2023-5","status":"publish","type":"post","link":"http:\/\/paroquiagloria.org\/v2\/?p=11746","title":{"rendered":"Festas de Ver\u00e3o 2023"},"content":{"rendered":"\n<div class=\"wp-block-image\"><figure class=\"aligncenter size-full\"><a href=\"http:\/\/paroquiagloria.org\/v2\/wp-content\/uploads\/2023\/06\/festasverao23.jpg\"><img loading=\"lazy\" width=\"433\" height=\"434\" src=\"http:\/\/paroquiagloria.org\/v2\/wp-content\/uploads\/2023\/06\/festasverao23.jpg\" alt=\"\" class=\"wp-image-11690\" srcset=\"http:\/\/paroquiagloria.org\/v2\/wp-content\/uploads\/2023\/06\/festasverao23.jpg 433w, http:\/\/paroquiagloria.org\/v2\/wp-content\/uploads\/2023\/06\/festasverao23-300x300.jpg 300w, http:\/\/paroquiagloria.org\/v2\/wp-content\/uploads\/2023\/06\/festasverao23-150x150.jpg 150w, http:\/\/paroquiagloria.org\/v2\/wp-content\/uploads\/2023\/06\/festasverao23-185x185.jpg 185w, http:\/\/paroquiagloria.org\/v2\/wp-content\/uploads\/2023\/06\/festasverao23-184x184.jpg 184w\" sizes=\"(max-width: 433px) 100vw, 433px\" \/><\/a><\/figure><\/div>\n\n\n\n<p>No pr\u00f3ximo s\u00e1bado continuam as Festas deVer\u00e3o. Ser\u00e1 a \u00faltima noite, Com boa sardinha, bom caldo verde e o arroz-doce tradicional desta festa. Apare\u00e7a! junto ao sal\u00e3o D. Jo\u00e3o Evangelista, no p\u00e1tio das Florinhas do Vouga, a partir das 19h30.<\/p>\n","protected":false},"excerpt":{"rendered":"<p>No pr\u00f3ximo s\u00e1bado continuam as Festas deVer\u00e3o. Ser\u00e1 a \u00faltima noite, Com boa sardinha, bom caldo verde e o arroz-doce tradicional desta festa. Apare\u00e7a! junto ao sal\u00e3o D. Jo\u00e3o Evangelista, no p\u00e1tio das Florinhas do Vouga, a partir das 19h30.<\/p>\n","protected":false},"author":1,"featured_media":11689,"comment_status":"open","ping_status":"closed","sticky":false,"template":"","format":"standard","meta":{"ngg_post_thumbnail":0},"categories":[1,4,2,6,26],"tags":[],"_links":{"self":[{"href":"http:\/\/paroquiagloria.org\/v2\/index.php?rest_route=\/wp\/v2\/posts\/11746"}],"collection":[{"href":"http:\/\/paroquiagloria.org\/v2\/index.php?rest_route=\/wp\/v2\/posts"}],"about":[{"href":"http:\/\/paroquiagloria.org\/v2\/index.php?rest_route=\/wp\/v2\/types\/post"}],"author":[{"embeddable":true,"href":"http:\/\/paroquiagloria.org\/v2\/index.php?rest_route=\/wp\/v2\/users\/1"}],"replies":[{"embeddable":true,"href":"http:\/\/paroquiagloria.org\/v2\/index.php?rest_route=%2Fwp%2Fv2%2Fcomments&post=11746"}],"version-history":[{"count":1,"href":"http:\/\/paroquiagloria.org\/v2\/index.php?rest_route=\/wp\/v2\/posts\/11746\/revisions"}],"predecessor-version":[{"id":11747,"href":"http:\/\/paroquiagloria.org\/v2\/index.php?rest_route=\/wp\/v2\/posts\/11746\/revisions\/11747"}],"wp:featuredmedia":[{"embeddable":true,"href":"http:\/\/paroquiagloria.org\/v2\/index.php?rest_route=\/wp\/v2\/media\/11689"}],"wp:attachment":[{"href":"http:\/\/paroquiagloria.org\/v2\/index.php?rest_route=%2Fwp%2Fv2%2Fmedia&parent=11746"}],"wp:term":[{"taxonomy":"category","embeddable":true,"href":"http:\/\/paroquiagloria.org\/v2\/index.php?rest_route=%2Fwp%2Fv2%2Fcategories&post=11746"},{"taxonomy":"post_tag","embeddable":true,"href":"http:\/\/paroquiagloria.org\/v2\/index.php?rest_route=%2Fwp%2Fv2%2Ftags&post=11746"}],"curies":[{"name":"wp","href":"https:\/\/api.w.org\/{rel}","templated":true}]}}