{"id":11731,"date":"2023-06-11T11:07:16","date_gmt":"2023-06-11T11:07:16","guid":{"rendered":"http:\/\/paroquiagloria.org\/v2\/?p=11731"},"modified":"2023-06-11T11:07:17","modified_gmt":"2023-06-11T11:07:17","slug":"90-anos-do-instituto-secular-das-cooperadoras-da-familia-iscf-parte-2","status":"publish","type":"post","link":"http:\/\/paroquiagloria.org\/v2\/?p=11731","title":{"rendered":"90 anos do Instituto Secular das Cooperadoras da Fam\u00edlia (ISCF) \u2013 parte 2"},"content":{"rendered":"\n<div class=\"wp-block-image\"><figure class=\"aligncenter size-full is-resized\"><a href=\"http:\/\/paroquiagloria.org\/v2\/wp-content\/uploads\/2023\/06\/ISCF.png\"><img loading=\"lazy\" src=\"http:\/\/paroquiagloria.org\/v2\/wp-content\/uploads\/2023\/06\/ISCF.png\" alt=\"\" class=\"wp-image-11694\" width=\"325\" height=\"110\" srcset=\"http:\/\/paroquiagloria.org\/v2\/wp-content\/uploads\/2023\/06\/ISCF.png 325w, http:\/\/paroquiagloria.org\/v2\/wp-content\/uploads\/2023\/06\/ISCF-300x102.png 300w\" sizes=\"(max-width: 325px) 100vw, 325px\" \/><\/a><\/figure><\/div>\n\n\n\n<p>O Instituto Secular das Cooperadoras da Fam\u00edlia, o que \u00e9 e onde nasceu?<br>\u00c9 um Instituto de Vida Consagrada, nascido na cidade da Guarda no ano de 1933, a 4 de junho, Solenidade de Pentecostes, ainda antes dos Institutos Seculares serem aprovados pela Igreja.<br>Em 1933, na cidade da Guarda, Deus, atrav\u00e9s da pessoa do Pe. Joaquim Alves Br\u00e1s, Fundador do Instituto, lan\u00e7ou a um grupo de seis \u2018mulheres\u2019 ainda jovens, o sonho de dedicarem as suas vidas a Deus, cooperando com ele no \u2018Apostolado Familiar\u2019, mais concretamente, na prote\u00e7\u00e3o, amparo, dignifica\u00e7\u00e3o e prepara\u00e7\u00e3o das, ent\u00e3o, \u2018criadas de servir\u2019, pois eram pessoas inteiramente votadas ao abandono, expostas a todo o tipo de riscos, inclusive moral, e careciam de apoio e cuidados em todo o sentido.<br>O ISCF foi evoluindo no tempo, como todas as Institui\u00e7\u00f5es da Igreja, em discernimento, aprova\u00e7\u00e3o e designa\u00e7\u00e3o: de Associa\u00e7\u00e3o de fi\u00e9is, passou, em 1955, a Obra Pia das Cooperadoras; de Obra Pia, foi elevado \u00e0 Categoria de Instituto Secular das Cooperadoras da Fam\u00edlia em 1961; no ano 2000, teve, pela Santa S\u00e9, a concess\u00e3o de Direito Pontif\u00edcio. Atualmente, o Instituto conta com 230 membros, espalhados por todo o Portugal e no Estrangeiro, nomeadamente Espanha, It\u00e1lia, Fran\u00e7a, Brasil, Col\u00f4mbia e Cabinda \u2013 Angola.<br>O ISCF compreende duas modalidades de vida: uns membros vivem a s\u00f3s ou na sua Fam\u00edlia, fazendo da sua profiss\u00e3o, espa\u00e7o de miss\u00e3o; outros, porque se sentem chamados a dedicarem-se \u00e0 orienta\u00e7\u00e3o e dinamiza\u00e7\u00e3o das Obras Fundadas pelo seu Fundador, Vener\u00e1vel Mons. Joaquim Alves Br\u00e1s, vivem em grupo.<br>Em Aveiro somos 13 membros do ISCF. Tr\u00eas cooperadoras vivemos a tempo inteiro na casa de Santa Zita. Uma vive no Casa episcopal, est\u00e1 ao servi\u00e7o do pastor da diocese. 8 membros vivem a s\u00f3s ou na sua Fam\u00edlia. Uma formanda, e duas Mensageiras da fam\u00edlia.<br>A Espiritualidade do Instituto inspira-se nos exemplos da Sagrada Fam\u00edlia de Nazar\u00e9 e os seus membros tomam o nome de Cooperadoras da Fam\u00edlia para se recordarem constantemente do seu Carisma e miss\u00e3o (art. 13) \u2013 \u201cO cuidado da Santifica\u00e7\u00e3o da Fam\u00edlia, fonte de Vida humana e agente de transforma\u00e7\u00e3o do mundo\u201d (art. 6);<br>Rezem por n\u00f3s para que O Senhor nos envie as voca\u00e7\u00f5es necess\u00e1rias e sejamos fi\u00e9is a este Carisma t\u00e3o urgente e atual nos nossos tempos e assim a fam\u00edlia seja mais fam\u00edlia.<br>Contem tamb\u00e9m com a nossa ora\u00e7\u00e3o e amizade.<\/p>\n\n\n\n<p>Etelvina Silva<\/p>\n","protected":false},"excerpt":{"rendered":"<p>O Instituto Secular das Cooperadoras da Fam\u00edlia, o que \u00e9 e onde nasceu?\u00c9 um Instituto de Vida Consagrada, nascido na cidade da Guarda no ano de 1933, a 4 de junho, Solenidade de Pentecostes, ainda antes dos Institutos Seculares serem aprovados pela Igreja.Em 1933, na cidade da Guarda, Deus, atrav\u00e9s da pessoa do Pe. Joaquim [&hellip;]<\/p>\n","protected":false},"author":1,"featured_media":11688,"comment_status":"open","ping_status":"closed","sticky":false,"template":"","format":"standard","meta":{"ngg_post_thumbnail":0},"categories":[1,4,2,6],"tags":[],"_links":{"self":[{"href":"http:\/\/paroquiagloria.org\/v2\/index.php?rest_route=\/wp\/v2\/posts\/11731"}],"collection":[{"href":"http:\/\/paroquiagloria.org\/v2\/index.php?rest_route=\/wp\/v2\/posts"}],"about":[{"href":"http:\/\/paroquiagloria.org\/v2\/index.php?rest_route=\/wp\/v2\/types\/post"}],"author":[{"embeddable":true,"href":"http:\/\/paroquiagloria.org\/v2\/index.php?rest_route=\/wp\/v2\/users\/1"}],"replies":[{"embeddable":true,"href":"http:\/\/paroquiagloria.org\/v2\/index.php?rest_route=%2Fwp%2Fv2%2Fcomments&post=11731"}],"version-history":[{"count":1,"href":"http:\/\/paroquiagloria.org\/v2\/index.php?rest_route=\/wp\/v2\/posts\/11731\/revisions"}],"predecessor-version":[{"id":11732,"href":"http:\/\/paroquiagloria.org\/v2\/index.php?rest_route=\/wp\/v2\/posts\/11731\/revisions\/11732"}],"wp:featuredmedia":[{"embeddable":true,"href":"http:\/\/paroquiagloria.org\/v2\/index.php?rest_route=\/wp\/v2\/media\/11688"}],"wp:attachment":[{"href":"http:\/\/paroquiagloria.org\/v2\/index.php?rest_route=%2Fwp%2Fv2%2Fmedia&parent=11731"}],"wp:term":[{"taxonomy":"category","embeddable":true,"href":"http:\/\/paroquiagloria.org\/v2\/index.php?rest_route=%2Fwp%2Fv2%2Fcategories&post=11731"},{"taxonomy":"post_tag","embeddable":true,"href":"http:\/\/paroquiagloria.org\/v2\/index.php?rest_route=%2Fwp%2Fv2%2Ftags&post=11731"}],"curies":[{"name":"wp","href":"https:\/\/api.w.org\/{rel}","templated":true}]}}