{"id":11727,"date":"2023-06-11T11:06:14","date_gmt":"2023-06-11T11:06:14","guid":{"rendered":"http:\/\/paroquiagloria.org\/v2\/?p=11727"},"modified":"2023-06-11T11:06:15","modified_gmt":"2023-06-11T11:06:15","slug":"concerto-canto-das-palavras-perenes","status":"publish","type":"post","link":"http:\/\/paroquiagloria.org\/v2\/?p=11727","title":{"rendered":"Concerto \u201cCanto das palavras perenes\u201d"},"content":{"rendered":"\n<div class=\"wp-block-image\"><figure class=\"aligncenter size-large\"><a href=\"http:\/\/paroquiagloria.org\/v2\/wp-content\/uploads\/2023\/06\/CantoPalavrasPerenes.jpg\"><img loading=\"lazy\" width=\"725\" height=\"1024\" src=\"http:\/\/paroquiagloria.org\/v2\/wp-content\/uploads\/2023\/06\/CantoPalavrasPerenes-725x1024.jpg\" alt=\"\" class=\"wp-image-11729\" srcset=\"http:\/\/paroquiagloria.org\/v2\/wp-content\/uploads\/2023\/06\/CantoPalavrasPerenes-725x1024.jpg 725w, http:\/\/paroquiagloria.org\/v2\/wp-content\/uploads\/2023\/06\/CantoPalavrasPerenes-212x300.jpg 212w, http:\/\/paroquiagloria.org\/v2\/wp-content\/uploads\/2023\/06\/CantoPalavrasPerenes-768x1085.jpg 768w, http:\/\/paroquiagloria.org\/v2\/wp-content\/uploads\/2023\/06\/CantoPalavrasPerenes-1087x1536.jpg 1087w, http:\/\/paroquiagloria.org\/v2\/wp-content\/uploads\/2023\/06\/CantoPalavrasPerenes.jpg 1135w\" sizes=\"(max-width: 725px) 100vw, 725px\" \/><\/a><\/figure><\/div>\n\n\n\n<p>Coro, quinteto de cordas e \u00f3rg\u00e3o.<br>Na pr\u00f3xima 6\u00aa feira, pelas 21h30, realiza-se na Igreja do Semin\u00e1rio de Santa Joana Princesa o concerto \u201cCanto das palavras perenes\u201d a entrada \u00e9 livre, est\u00e3o todos convidados.<\/p>\n","protected":false},"excerpt":{"rendered":"<p>Coro, quinteto de cordas e \u00f3rg\u00e3o.Na pr\u00f3xima 6\u00aa feira, pelas 21h30, realiza-se na Igreja do Semin\u00e1rio de Santa Joana Princesa o concerto \u201cCanto das palavras perenes\u201d a entrada \u00e9 livre, est\u00e3o todos convidados.<\/p>\n","protected":false},"author":1,"featured_media":11728,"comment_status":"open","ping_status":"closed","sticky":false,"template":"","format":"standard","meta":{"ngg_post_thumbnail":0},"categories":[1,4,2,6],"tags":[],"_links":{"self":[{"href":"http:\/\/paroquiagloria.org\/v2\/index.php?rest_route=\/wp\/v2\/posts\/11727"}],"collection":[{"href":"http:\/\/paroquiagloria.org\/v2\/index.php?rest_route=\/wp\/v2\/posts"}],"about":[{"href":"http:\/\/paroquiagloria.org\/v2\/index.php?rest_route=\/wp\/v2\/types\/post"}],"author":[{"embeddable":true,"href":"http:\/\/paroquiagloria.org\/v2\/index.php?rest_route=\/wp\/v2\/users\/1"}],"replies":[{"embeddable":true,"href":"http:\/\/paroquiagloria.org\/v2\/index.php?rest_route=%2Fwp%2Fv2%2Fcomments&post=11727"}],"version-history":[{"count":1,"href":"http:\/\/paroquiagloria.org\/v2\/index.php?rest_route=\/wp\/v2\/posts\/11727\/revisions"}],"predecessor-version":[{"id":11730,"href":"http:\/\/paroquiagloria.org\/v2\/index.php?rest_route=\/wp\/v2\/posts\/11727\/revisions\/11730"}],"wp:featuredmedia":[{"embeddable":true,"href":"http:\/\/paroquiagloria.org\/v2\/index.php?rest_route=\/wp\/v2\/media\/11728"}],"wp:attachment":[{"href":"http:\/\/paroquiagloria.org\/v2\/index.php?rest_route=%2Fwp%2Fv2%2Fmedia&parent=11727"}],"wp:term":[{"taxonomy":"category","embeddable":true,"href":"http:\/\/paroquiagloria.org\/v2\/index.php?rest_route=%2Fwp%2Fv2%2Fcategories&post=11727"},{"taxonomy":"post_tag","embeddable":true,"href":"http:\/\/paroquiagloria.org\/v2\/index.php?rest_route=%2Fwp%2Fv2%2Ftags&post=11727"}],"curies":[{"name":"wp","href":"https:\/\/api.w.org\/{rel}","templated":true}]}}