{"id":11723,"date":"2023-06-11T11:03:48","date_gmt":"2023-06-11T11:03:48","guid":{"rendered":"http:\/\/paroquiagloria.org\/v2\/?p=11723"},"modified":"2023-06-11T11:03:50","modified_gmt":"2023-06-11T11:03:50","slug":"dia-da-comunidade-paroquial-5","status":"publish","type":"post","link":"http:\/\/paroquiagloria.org\/v2\/?p=11723","title":{"rendered":"Dia da Comunidade Paroquial"},"content":{"rendered":"\n<div class=\"wp-block-image\"><figure class=\"aligncenter size-full\"><a href=\"http:\/\/paroquiagloria.org\/v2\/wp-content\/uploads\/2023\/06\/FestaPaiNosso_Catequese.jpg\"><img loading=\"lazy\" width=\"400\" height=\"433\" src=\"http:\/\/paroquiagloria.org\/v2\/wp-content\/uploads\/2023\/06\/FestaPaiNosso_Catequese.jpg\" alt=\"\" class=\"wp-image-11710\" srcset=\"http:\/\/paroquiagloria.org\/v2\/wp-content\/uploads\/2023\/06\/FestaPaiNosso_Catequese.jpg 400w, http:\/\/paroquiagloria.org\/v2\/wp-content\/uploads\/2023\/06\/FestaPaiNosso_Catequese-277x300.jpg 277w\" sizes=\"(max-width: 400px) 100vw, 400px\" \/><\/a><\/figure><\/div>\n\n\n\n<p>No Domingo, dia 18, ser\u00e1 o Dia da Comunidade Paroquial e encerramento das actividades catequ\u00e9ticas, com a missa no coreto do Parque Infante D. Pedro pelas 11h. Nesse dia n\u00e3o h\u00e1 mais nenhuma missa da parte da manh\u00e3 na par\u00f3quia.<br>Pedimos que as pessoas que precisam de se sentar, tragam a sua cadeira de casa.<br>O 11\u00baano estar\u00e1 no parque a vender p\u00e3o e bolos.<\/p>\n","protected":false},"excerpt":{"rendered":"<p>No Domingo, dia 18, ser\u00e1 o Dia da Comunidade Paroquial e encerramento das actividades catequ\u00e9ticas, com a missa no coreto do Parque Infante D. Pedro pelas 11h. Nesse dia n\u00e3o h\u00e1 mais nenhuma missa da parte da manh\u00e3 na par\u00f3quia.Pedimos que as pessoas que precisam de se sentar, tragam a sua cadeira de casa.O 11\u00baano [&hellip;]<\/p>\n","protected":false},"author":1,"featured_media":11709,"comment_status":"open","ping_status":"closed","sticky":false,"template":"","format":"standard","meta":{"ngg_post_thumbnail":0},"categories":[1,4,2,6,26],"tags":[],"_links":{"self":[{"href":"http:\/\/paroquiagloria.org\/v2\/index.php?rest_route=\/wp\/v2\/posts\/11723"}],"collection":[{"href":"http:\/\/paroquiagloria.org\/v2\/index.php?rest_route=\/wp\/v2\/posts"}],"about":[{"href":"http:\/\/paroquiagloria.org\/v2\/index.php?rest_route=\/wp\/v2\/types\/post"}],"author":[{"embeddable":true,"href":"http:\/\/paroquiagloria.org\/v2\/index.php?rest_route=\/wp\/v2\/users\/1"}],"replies":[{"embeddable":true,"href":"http:\/\/paroquiagloria.org\/v2\/index.php?rest_route=%2Fwp%2Fv2%2Fcomments&post=11723"}],"version-history":[{"count":1,"href":"http:\/\/paroquiagloria.org\/v2\/index.php?rest_route=\/wp\/v2\/posts\/11723\/revisions"}],"predecessor-version":[{"id":11724,"href":"http:\/\/paroquiagloria.org\/v2\/index.php?rest_route=\/wp\/v2\/posts\/11723\/revisions\/11724"}],"wp:featuredmedia":[{"embeddable":true,"href":"http:\/\/paroquiagloria.org\/v2\/index.php?rest_route=\/wp\/v2\/media\/11709"}],"wp:attachment":[{"href":"http:\/\/paroquiagloria.org\/v2\/index.php?rest_route=%2Fwp%2Fv2%2Fmedia&parent=11723"}],"wp:term":[{"taxonomy":"category","embeddable":true,"href":"http:\/\/paroquiagloria.org\/v2\/index.php?rest_route=%2Fwp%2Fv2%2Fcategories&post=11723"},{"taxonomy":"post_tag","embeddable":true,"href":"http:\/\/paroquiagloria.org\/v2\/index.php?rest_route=%2Fwp%2Fv2%2Ftags&post=11723"}],"curies":[{"name":"wp","href":"https:\/\/api.w.org\/{rel}","templated":true}]}}